{"id":94545,"date":"2025-05-14T08:03:02","date_gmt":"2025-05-14T15:03:02","guid":{"rendered":"https:\/\/portaltactica.com\/?p=94545"},"modified":"2025-05-14T08:03:07","modified_gmt":"2025-05-14T15:03:07","slug":"rodrygo-aclara-su-ausencia-en-el-madrid-regresare-pronto-dejen-de-inventar-cosas","status":"publish","type":"post","link":"https:\/\/portaltactica.com\/?p=94545","title":{"rendered":"Rodrygo aclara su ausencia en el Madrid: &#8220;Regresar\u00e9 pronto, dejen de inventar cosas&#8221;"},"content":{"rendered":"\n<p>Tras las ausencias de\u00a0<strong>Rodrygo<\/strong>\u00a0con\u00a0<strong>Real Madrid<\/strong>, las especulaciones sobre las razones crecieron, pero fue el propio futbolista que pidi\u00f3 que\u00a0<strong>no crearan cosas sobre su estado f\u00edsico<\/strong>.<\/p>\n\n\n\n<h2 class=\"wp-block-heading\">Sin minutos desde Final de Copa<\/h2>\n\n\n\n<p><strong>Rodrygo Goes<\/strong>&nbsp;no ha sumado minutos desde la&nbsp;<strong>Final<\/strong>&nbsp;de la&nbsp;<strong>Copa del Rey<\/strong>&nbsp;ante&nbsp;<strong>Barcelona<\/strong>, partido en el que se fue a la banca tras los primeros 45 minutos. Posteriormente, el brasile\u00f1o no jug\u00f3 frente a&nbsp;<strong>Celta de Vigo<\/strong>&nbsp;por una fiebre, inform\u00f3&nbsp;<strong>Carlo Ancelotti<\/strong>&nbsp;en esa ocasi\u00f3n.<\/p>\n\n\n\n<p>\u201cGracias por todos los mensajes y preocupaciones. Volver\u00e9 pronto. Dejen de crear cosas\u201d, escribi\u00f3&nbsp;<strong>Rodrygo Goes<\/strong>&nbsp;en su historia de Instagram.<\/p>\n\n\n\n<p>Cabe destacar que el atacante brasile\u00f1o estaba en la lista de convocados para la<strong>&nbsp;El Cl\u00e1sico<\/strong>&nbsp;de&nbsp;<strong>LaLiga<\/strong>, pero tampoco tuvo participaci\u00f3n, lo que gener\u00f3 todav\u00eda m\u00e1s dudas sobre su situaci\u00f3n.<\/p>\n\n\n\n<h2 class=\"wp-block-heading\">\u00bfRodrygo saldr\u00e1 de Madrid?<\/h2>\n\n\n\n<p>Seg\u00fan informaci\u00f3n de MARCA,&nbsp;<strong>Rodrygo<\/strong>&nbsp;no se ve\u00eda en condiciones para tener minutos en los \u00faltimos partidos de&nbsp;<strong>Real Madrid<\/strong>, adem\u00e1s de que analiza una posible salida del conjunto Blanco para el mercado de verano.<\/p>\n<div class='share-to-whatsapp-wrapper'><div class='share-on-whsp'>Share on: <\/div><a data-text='Rodrygo aclara su ausencia en el Madrid: \"Regresar\u00e9 pronto, dejen de inventar cosas\"' data-link='https:\/\/portaltactica.com\/?p=94545' class='whatsapp-button whatsapp-share'>WhatsApp<\/a><div class='clear '><\/div><\/div>","protected":false},"excerpt":{"rendered":"<p>Tras las ausencias de\u00a0Rodrygo\u00a0con\u00a0Real Madrid, las especulaciones sobre las razones crecieron, pero fue el propio futbolista que pidi\u00f3 que\u00a0no crearan cosas&hellip;<\/p>\n","protected":false},"author":2,"featured_media":94546,"comment_status":"closed","ping_status":"closed","sticky":false,"template":"","format":"standard","meta":{"advanced_seo_description":"","jetpack_seo_html_title":"","jetpack_seo_noindex":false,"_jetpack_memberships_contains_paid_content":false,"footnotes":"","jetpack_publicize_message":"","jetpack_publicize_feature_enabled":true,"jetpack_social_post_already_shared":false,"jetpack_social_options":{"image_generator_settings":{"template":"highway","default_image_id":0,"font":"","enabled":false},"version":2}},"categories":[1898],"tags":[],"class_list":["post-94545","post","type-post","status-publish","format-standard","has-post-thumbnail","hentry","category-destacado-internacional"],"jetpack_publicize_connections":[],"jetpack_featured_media_url":"https:\/\/portaltactica.com\/wp-content\/uploads\/2025\/05\/1-5.jpg","jetpack_sharing_enabled":true,"_links":{"self":[{"href":"https:\/\/portaltactica.com\/index.php?rest_route=\/wp\/v2\/posts\/94545","targetHints":{"allow":["GET"]}}],"collection":[{"href":"https:\/\/portaltactica.com\/index.php?rest_route=\/wp\/v2\/posts"}],"about":[{"href":"https:\/\/portaltactica.com\/index.php?rest_route=\/wp\/v2\/types\/post"}],"author":[{"embeddable":true,"href":"https:\/\/portaltactica.com\/index.php?rest_route=\/wp\/v2\/users\/2"}],"replies":[{"embeddable":true,"href":"https:\/\/portaltactica.com\/index.php?rest_route=%2Fwp%2Fv2%2Fcomments&post=94545"}],"version-history":[{"count":1,"href":"https:\/\/portaltactica.com\/index.php?rest_route=\/wp\/v2\/posts\/94545\/revisions"}],"predecessor-version":[{"id":94547,"href":"https:\/\/portaltactica.com\/index.php?rest_route=\/wp\/v2\/posts\/94545\/revisions\/94547"}],"wp:featuredmedia":[{"embeddable":true,"href":"https:\/\/portaltactica.com\/index.php?rest_route=\/wp\/v2\/media\/94546"}],"wp:attachment":[{"href":"https:\/\/portaltactica.com\/index.php?rest_route=%2Fwp%2Fv2%2Fmedia&parent=94545"}],"wp:term":[{"taxonomy":"category","embeddable":true,"href":"https:\/\/portaltactica.com\/index.php?rest_route=%2Fwp%2Fv2%2Fcategories&post=94545"},{"taxonomy":"post_tag","embeddable":true,"href":"https:\/\/portaltactica.com\/index.php?rest_route=%2Fwp%2Fv2%2Ftags&post=94545"}],"curies":[{"name":"wp","href":"https:\/\/api.w.org\/{rel}","templated":true}]}}