{"id":94407,"date":"2025-05-08T12:36:24","date_gmt":"2025-05-08T19:36:24","guid":{"rendered":"https:\/\/portaltactica.com\/?p=94407"},"modified":"2025-05-08T12:36:27","modified_gmt":"2025-05-08T19:36:27","slug":"mclaren-alinea-a-pato-oward-para-el-gran-premio-de-mexico-2025","status":"publish","type":"post","link":"https:\/\/portaltactica.com\/?p=94407","title":{"rendered":"McLaren alinea a Pato O&#8217;Ward para el Gran Premio de M\u00e9xico 2025"},"content":{"rendered":"\n<p><strong>Patricio O\u2019Ward<\/strong>\u00a0estar\u00e1 presente en el\u00a0<strong>Gran Premio de M\u00e9xico<\/strong>\u00a0y se subir\u00e1 al coche de\u00a0<strong>McLaren<\/strong>\u00a0para la primera sesi\u00f3n de las Pr\u00e1cticas Libres. El piloto de Monterrey volver\u00e1 al pa\u00eds para aportar al equipo de\u00a0<strong>F\u00f3rmula 1<\/strong>\u00a0en el GP que se disputar\u00e1 a finales de octubre.<\/p>\n\n\n\n<h2 class=\"wp-block-heading\">Pato repite en el GP de M\u00e9xico<\/h2>\n\n\n\n<p>La temporada pasada,&nbsp;<strong>Pato O\u2019Ward&nbsp;<\/strong>tambi\u00e9n fue solicitado por&nbsp;<strong>McLaren<\/strong>&nbsp;para que estuviera en los entrenamientos libres del&nbsp;<strong>Gran Premio de M\u00e9xico<\/strong>&nbsp;y su experiencia fue buena, pues destac\u00f3 a la afici\u00f3n del pa\u00eds.<\/p>\n\n\n\n<p>&#8220;Los aficionados de&nbsp;<strong>Ciudad de M\u00e9xico<\/strong>&nbsp;fueron fant\u00e1sticos la \u00faltima vez y fue una gran sensaci\u00f3n sacar todo el partido al programa que el equipo hab\u00eda preparado. Estoy deseando volver a trabajar con&nbsp;<strong>Zak (Browm), Andrea (Stella)&nbsp;<\/strong>y todo el equipo este a\u00f1o\u201d, se\u00f1al\u00f3 el piloto mexicano.<\/p>\n\n\n\n<p>Por ahora, no se ha revelado informaci\u00f3n sobre el coche que utilizar\u00e1&nbsp;<strong>O\u2019Ward<\/strong>, si el de&nbsp;<strong>Lando Norris<\/strong>&nbsp;o el de&nbsp;<strong>Oscar Piastri<\/strong>. Cabe destacar que para el&nbsp;<strong>GP de M\u00e9xico<\/strong>, el piloto regiomontano ya habr\u00e1 terminados sus actividades en la&nbsp;<strong>IndyCar<\/strong>.<\/p>\n\n\n\n<h2 class=\"wp-block-heading\">Experiencia y confianza en McLaren F1<\/h2>\n\n\n\n<p>Con esto,&nbsp;<strong>Pato O\u2019Ward<\/strong>&nbsp;podr\u00e1 tener m\u00e1s experiencia arriba del&nbsp;<strong>MCL39<\/strong>, dentro de una temporada en la que la escuder\u00eda ha tenido buenos resultados hasta el momento. Adem\u00e1s, el mexicano podr\u00e1 generar m\u00e1s confianza para el equipo.<\/p>\n<div class='share-to-whatsapp-wrapper'><div class='share-on-whsp'>Share on: <\/div><a data-text='McLaren alinea a Pato O'Ward para el Gran Premio de M\u00e9xico 2025' data-link='https:\/\/portaltactica.com\/?p=94407' class='whatsapp-button whatsapp-share'>WhatsApp<\/a><div class='clear '><\/div><\/div>","protected":false},"excerpt":{"rendered":"<p>Patricio O\u2019Ward\u00a0estar\u00e1 presente en el\u00a0Gran Premio de M\u00e9xico\u00a0y se subir\u00e1 al coche de\u00a0McLaren\u00a0para la primera sesi\u00f3n de las Pr\u00e1cticas Libres. El&hellip;<\/p>\n","protected":false},"author":2,"featured_media":94412,"comment_status":"closed","ping_status":"closed","sticky":false,"template":"","format":"standard","meta":{"advanced_seo_description":"","jetpack_seo_html_title":"","jetpack_seo_noindex":false,"_jetpack_memberships_contains_paid_content":false,"footnotes":"","jetpack_publicize_message":"","jetpack_publicize_feature_enabled":true,"jetpack_social_post_already_shared":false,"jetpack_social_options":{"image_generator_settings":{"template":"highway","default_image_id":0,"font":"","enabled":false},"version":2}},"categories":[1896],"tags":[],"class_list":["post-94407","post","type-post","status-publish","format-standard","has-post-thumbnail","hentry","category-destacado-portada"],"jetpack_publicize_connections":[],"jetpack_featured_media_url":"https:\/\/portaltactica.com\/wp-content\/uploads\/2025\/05\/1-3.png","jetpack_sharing_enabled":true,"_links":{"self":[{"href":"https:\/\/portaltactica.com\/index.php?rest_route=\/wp\/v2\/posts\/94407","targetHints":{"allow":["GET"]}}],"collection":[{"href":"https:\/\/portaltactica.com\/index.php?rest_route=\/wp\/v2\/posts"}],"about":[{"href":"https:\/\/portaltactica.com\/index.php?rest_route=\/wp\/v2\/types\/post"}],"author":[{"embeddable":true,"href":"https:\/\/portaltactica.com\/index.php?rest_route=\/wp\/v2\/users\/2"}],"replies":[{"embeddable":true,"href":"https:\/\/portaltactica.com\/index.php?rest_route=%2Fwp%2Fv2%2Fcomments&post=94407"}],"version-history":[{"count":1,"href":"https:\/\/portaltactica.com\/index.php?rest_route=\/wp\/v2\/posts\/94407\/revisions"}],"predecessor-version":[{"id":94411,"href":"https:\/\/portaltactica.com\/index.php?rest_route=\/wp\/v2\/posts\/94407\/revisions\/94411"}],"wp:featuredmedia":[{"embeddable":true,"href":"https:\/\/portaltactica.com\/index.php?rest_route=\/wp\/v2\/media\/94412"}],"wp:attachment":[{"href":"https:\/\/portaltactica.com\/index.php?rest_route=%2Fwp%2Fv2%2Fmedia&parent=94407"}],"wp:term":[{"taxonomy":"category","embeddable":true,"href":"https:\/\/portaltactica.com\/index.php?rest_route=%2Fwp%2Fv2%2Fcategories&post=94407"},{"taxonomy":"post_tag","embeddable":true,"href":"https:\/\/portaltactica.com\/index.php?rest_route=%2Fwp%2Fv2%2Ftags&post=94407"}],"curies":[{"name":"wp","href":"https:\/\/api.w.org\/{rel}","templated":true}]}}