{"id":94267,"date":"2025-05-03T08:51:10","date_gmt":"2025-05-03T15:51:10","guid":{"rendered":"https:\/\/portaltactica.com\/?p=94267"},"modified":"2025-05-03T08:51:12","modified_gmt":"2025-05-03T15:51:12","slug":"le-dice-adios-a-leon-james-rodriguez-presume-la-camiseta-del-deportes-tolima","status":"publish","type":"post","link":"https:\/\/portaltactica.com\/?p=94267","title":{"rendered":"\u00bfLe dice adi\u00f3s a Le\u00f3n? James Rodr\u00edguez presume la camiseta del Deportes Tolima"},"content":{"rendered":"\n<p>Previo al inicio de la\u00a0<strong>Liguilla\u00a0<\/strong>del\u00a0<strong>Clausura 2025<\/strong>,\u00a0<strong>James Rodr\u00edguez<\/strong>\u00a0aprovecha el tiempo libre y en Instagram, el mediocampista public\u00f3 una imagen en la que aparece con la camiseta de\u00a0<strong>Deportes Tolima<\/strong>, lo que caus\u00f3 revuelo en la afici\u00f3n.<\/p>\n\n\n\n<h2 class=\"wp-block-heading\">James no jugar\u00e1 la Ida vs Cruz Azul<\/h2>\n\n\n\n<p>Cabe destacar que&nbsp;<strong>James Rodr\u00edguez<\/strong>&nbsp;no estar\u00e1 disponible para el duelo de Ida de los&nbsp;<strong>Cuartos de Final<\/strong>&nbsp;ante&nbsp;<strong>Cruz Azul<\/strong>, debido a una suspensi\u00f3n tras el partido con&nbsp;<strong>Rayados&nbsp;<\/strong>y por ello la afici\u00f3n&nbsp;<strong>Esmeralda&nbsp;<\/strong>se encuentra intranquila.<\/p>\n\n\n\n<p>Los aficionados de&nbsp;<strong>Deportes Tolima<\/strong>&nbsp;manifestaron su ilusi\u00f3n en la publicaci\u00f3n, incluso el propio club coment\u00f3 con un emoji de &#8217;10&#8217;. El colombiano ya hab\u00eda confesado anteriormente su deseo por jugar en el cuadro&nbsp;<strong>Pijao<\/strong>.<\/p>\n\n\n\n<h2 class=\"wp-block-heading\">James confes\u00f3 que su sue\u00f1o era jugar en Tolima<\/h2>\n\n\n\n<p>&#8220;Desde ni\u00f1o siempre quise jugar en el&nbsp;<strong>Deportes Tolima<\/strong>, fue el equipo que desde ni\u00f1o yo siempre lo vi. Fue como ese sue\u00f1o. Creo que en el Tolima, s\u00ed&#8221;, dijo hace unos a\u00f1os.<\/p>\n\n\n\n<p>Un peque\u00f1o gui\u00f1o de&nbsp;<strong>James&nbsp;<\/strong>que deja preocupada a la afici\u00f3n de&nbsp;<strong>Le\u00f3n<\/strong>, pero con ilusi\u00f3n para los colombianos, quienes esperan ver a uno de sus grandes \u00eddolos pr\u00f3ximamente en su liga.&nbsp;<\/p>\n<div class='share-to-whatsapp-wrapper'><div class='share-on-whsp'>Share on: <\/div><a data-text='\u00bfLe dice adi\u00f3s a Le\u00f3n? James Rodr\u00edguez presume la camiseta del Deportes Tolima' data-link='https:\/\/portaltactica.com\/?p=94267' class='whatsapp-button whatsapp-share'>WhatsApp<\/a><div class='clear '><\/div><\/div>","protected":false},"excerpt":{"rendered":"<p>Previo al inicio de la\u00a0Liguilla\u00a0del\u00a0Clausura 2025,\u00a0James Rodr\u00edguez\u00a0aprovecha el tiempo libre y en Instagram, el mediocampista public\u00f3 una imagen en la que&hellip;<\/p>\n","protected":false},"author":2,"featured_media":94268,"comment_status":"closed","ping_status":"closed","sticky":false,"template":"","format":"standard","meta":{"advanced_seo_description":"","jetpack_seo_html_title":"","jetpack_seo_noindex":false,"_jetpack_memberships_contains_paid_content":false,"footnotes":"","jetpack_publicize_message":"","jetpack_publicize_feature_enabled":true,"jetpack_social_post_already_shared":false,"jetpack_social_options":{"image_generator_settings":{"template":"highway","default_image_id":0,"font":"","enabled":false},"version":2}},"categories":[1897,1896],"tags":[],"class_list":["post-94267","post","type-post","status-publish","format-standard","has-post-thumbnail","hentry","category-destacado-nacional","category-destacado-portada"],"jetpack_publicize_connections":[],"jetpack_featured_media_url":"https:\/\/portaltactica.com\/wp-content\/uploads\/2025\/05\/2.png","jetpack_sharing_enabled":true,"_links":{"self":[{"href":"https:\/\/portaltactica.com\/index.php?rest_route=\/wp\/v2\/posts\/94267","targetHints":{"allow":["GET"]}}],"collection":[{"href":"https:\/\/portaltactica.com\/index.php?rest_route=\/wp\/v2\/posts"}],"about":[{"href":"https:\/\/portaltactica.com\/index.php?rest_route=\/wp\/v2\/types\/post"}],"author":[{"embeddable":true,"href":"https:\/\/portaltactica.com\/index.php?rest_route=\/wp\/v2\/users\/2"}],"replies":[{"embeddable":true,"href":"https:\/\/portaltactica.com\/index.php?rest_route=%2Fwp%2Fv2%2Fcomments&post=94267"}],"version-history":[{"count":1,"href":"https:\/\/portaltactica.com\/index.php?rest_route=\/wp\/v2\/posts\/94267\/revisions"}],"predecessor-version":[{"id":94269,"href":"https:\/\/portaltactica.com\/index.php?rest_route=\/wp\/v2\/posts\/94267\/revisions\/94269"}],"wp:featuredmedia":[{"embeddable":true,"href":"https:\/\/portaltactica.com\/index.php?rest_route=\/wp\/v2\/media\/94268"}],"wp:attachment":[{"href":"https:\/\/portaltactica.com\/index.php?rest_route=%2Fwp%2Fv2%2Fmedia&parent=94267"}],"wp:term":[{"taxonomy":"category","embeddable":true,"href":"https:\/\/portaltactica.com\/index.php?rest_route=%2Fwp%2Fv2%2Fcategories&post=94267"},{"taxonomy":"post_tag","embeddable":true,"href":"https:\/\/portaltactica.com\/index.php?rest_route=%2Fwp%2Fv2%2Ftags&post=94267"}],"curies":[{"name":"wp","href":"https:\/\/api.w.org\/{rel}","templated":true}]}}