{"id":94245,"date":"2025-05-02T11:45:02","date_gmt":"2025-05-02T18:45:02","guid":{"rendered":"https:\/\/portaltactica.com\/?p=94245"},"modified":"2025-05-02T11:45:05","modified_gmt":"2025-05-02T18:45:05","slug":"ter-stegen-regresa-al-arco-el-portero-aleman-vuelve-al-once-inicial-en-laliga","status":"publish","type":"post","link":"https:\/\/portaltactica.com\/?p=94245","title":{"rendered":"\u00a1Ter Stegen regresa al arco! El portero alem\u00e1n vuelve al once inicial en LaLiga"},"content":{"rendered":"\n<p>Las buenas noticias contin\u00faan en Catalu\u00f1a.&nbsp;<strong>Ahora, el portero de la Selecci\u00f3n Alemana, Marc-Andr\u00e9 ter Stegen, volver\u00e1 a la titularidad en el encuentro ante Valladolid en LaLiga<\/strong>; as\u00ed lo confirm\u00f3 Hansi Flick.<\/p>\n\n\n\n<p>Con un ligero tono de burla, el entrenador alem\u00e1n asegur\u00f3 que Ter Stegen volver\u00eda a la titularidad con el equipo\u00a0<strong>Blaugrana<\/strong>\u00a0en su pr\u00f3ximo cotejo en la Primera Divisi\u00f3n Espa\u00f1ola.<strong>\u00a0&#8220;Ter Stegen volver\u00e1 ma\u00f1ana a la titularidad, sin duda.\u201d<\/strong><\/p>\n\n\n\n<h2 class=\"wp-block-heading\">\u00bfQu\u00e9 pasar\u00e1 con Szcz\u0119sny?<\/h2>\n\n\n\n<p>El polaco que caus\u00f3 furor al regresar del retiro y plantarse bajo los tres palos del\u00a0<strong>Bar\u00e7a<\/strong>, tendr\u00e1 que tomar un descanso obligado.<strong>\u00a0Flick, destac\u00f3 que el arquero tiene que tomar un descanso, debido a la gran cantidad de partidos que tiene en su haber<\/strong>.<\/p>\n\n\n\n<p><strong>&#8220;Pensando en\u00a0Szcz\u0119sny, para los porteros es bueno que tambi\u00e9n tengan un poco de menos minutos para recuperarse<\/strong>. Marc est\u00e1 en el buen camino, a buen nivel, lo veo en sus fant\u00e1sticos entrenamientos&#8221;, agreg\u00f3 Hansi Flick.<\/p>\n\n\n\n<h2 class=\"wp-block-heading\">Casi un a\u00f1o despu\u00e9s est\u00e1 de regreso<\/h2>\n\n\n\n<p>El 22 de septiembre de 2024,&nbsp;<strong>Marc-Andr\u00e9 sufri\u00f3 una lesi\u00f3n en La Cer\u00e1mica, ante Villarreal<\/strong>. El portero alem\u00e1n tuvo que abandonar el encuentro y dej\u00f3 el arco abierto para cualquier reemplazo; 222 d\u00edas despu\u00e9s, est\u00e1 de regreso.<\/p>\n<div class='share-to-whatsapp-wrapper'><div class='share-on-whsp'>Share on: <\/div><a data-text='\u00a1Ter Stegen regresa al arco! El portero alem\u00e1n vuelve al once inicial en LaLiga' data-link='https:\/\/portaltactica.com\/?p=94245' class='whatsapp-button whatsapp-share'>WhatsApp<\/a><div class='clear '><\/div><\/div>","protected":false},"excerpt":{"rendered":"<p>Las buenas noticias contin\u00faan en Catalu\u00f1a.&nbsp;Ahora, el portero de la Selecci\u00f3n Alemana, Marc-Andr\u00e9 ter Stegen, volver\u00e1 a la titularidad en el&hellip;<\/p>\n","protected":false},"author":2,"featured_media":94246,"comment_status":"closed","ping_status":"closed","sticky":false,"template":"","format":"standard","meta":{"advanced_seo_description":"","jetpack_seo_html_title":"","jetpack_seo_noindex":false,"_jetpack_memberships_contains_paid_content":false,"footnotes":"","jetpack_publicize_message":"","jetpack_publicize_feature_enabled":true,"jetpack_social_post_already_shared":false,"jetpack_social_options":{"image_generator_settings":{"template":"highway","default_image_id":0,"font":"","enabled":false},"version":2}},"categories":[1898],"tags":[],"class_list":["post-94245","post","type-post","status-publish","format-standard","has-post-thumbnail","hentry","category-destacado-internacional"],"jetpack_publicize_connections":[],"jetpack_featured_media_url":"https:\/\/portaltactica.com\/wp-content\/uploads\/2025\/05\/5-1.jpg","jetpack_sharing_enabled":true,"_links":{"self":[{"href":"https:\/\/portaltactica.com\/index.php?rest_route=\/wp\/v2\/posts\/94245","targetHints":{"allow":["GET"]}}],"collection":[{"href":"https:\/\/portaltactica.com\/index.php?rest_route=\/wp\/v2\/posts"}],"about":[{"href":"https:\/\/portaltactica.com\/index.php?rest_route=\/wp\/v2\/types\/post"}],"author":[{"embeddable":true,"href":"https:\/\/portaltactica.com\/index.php?rest_route=\/wp\/v2\/users\/2"}],"replies":[{"embeddable":true,"href":"https:\/\/portaltactica.com\/index.php?rest_route=%2Fwp%2Fv2%2Fcomments&post=94245"}],"version-history":[{"count":1,"href":"https:\/\/portaltactica.com\/index.php?rest_route=\/wp\/v2\/posts\/94245\/revisions"}],"predecessor-version":[{"id":94247,"href":"https:\/\/portaltactica.com\/index.php?rest_route=\/wp\/v2\/posts\/94245\/revisions\/94247"}],"wp:featuredmedia":[{"embeddable":true,"href":"https:\/\/portaltactica.com\/index.php?rest_route=\/wp\/v2\/media\/94246"}],"wp:attachment":[{"href":"https:\/\/portaltactica.com\/index.php?rest_route=%2Fwp%2Fv2%2Fmedia&parent=94245"}],"wp:term":[{"taxonomy":"category","embeddable":true,"href":"https:\/\/portaltactica.com\/index.php?rest_route=%2Fwp%2Fv2%2Fcategories&post=94245"},{"taxonomy":"post_tag","embeddable":true,"href":"https:\/\/portaltactica.com\/index.php?rest_route=%2Fwp%2Fv2%2Ftags&post=94245"}],"curies":[{"name":"wp","href":"https:\/\/api.w.org\/{rel}","templated":true}]}}