{"id":94217,"date":"2025-05-01T13:38:15","date_gmt":"2025-05-01T20:38:15","guid":{"rendered":"https:\/\/portaltactica.com\/?p=94217"},"modified":"2025-05-01T13:38:18","modified_gmt":"2025-05-01T20:38:18","slug":"canelo-alvarez-le-responde-a-scull-lo-unico-que-probaras-sera-mi-puno","status":"publish","type":"post","link":"https:\/\/portaltactica.com\/?p=94217","title":{"rendered":"&#8216;Canelo&#8217; \u00c1lvarez le responde a Scull: &#8220;Lo \u00fanico que probar\u00e1s ser\u00e1 mi pu\u00f1o&#8221;"},"content":{"rendered":"\n<p><strong>Sa\u00fal &#8220;Canelo&#8221; \u00c1lvarez<\/strong>\u00a0ofreci\u00f3 su \u00faltima conferencia de cara a\u00a0la pelea ante William Scull,\u00a0y si bien luci\u00f3 con un semblante de molesto, eso no le impidi\u00f3 dejar un mensaje al boxeador cubano, a quien le prometi\u00f3 darle de &#8220;comer su pu\u00f1o&#8221;.<\/p>\n\n\n\n<p>En una&nbsp;<strong>desangelada conferencia<\/strong>&nbsp;en la que se volvi\u00f3 a extra\u00f1ar la presencia de aficionados latinoamericanos, particularmente los mexicanos, el boxeador tapat\u00edo asegur\u00f3&nbsp;<strong>estar &#8220;emocionado&#8221; con la posibilidad de realizar su primera pelea fuera de M\u00e9xico y Estados Unidos<\/strong>, esta vez en Arabia Saudita, por lo que intentar\u00e1 regalar una presentaci\u00f3n redonda.<\/p>\n\n\n\n<h2 class=\"wp-block-heading\">\u00bfQu\u00e9 dijo Canelo de la pelea ante Scull?<\/h2>\n\n\n\n<p>Si bien falt\u00f3 esa atm\u00f3sfera que suele haber en Las Vegas, eso no evit\u00f3 que\u00a0Canelo \u00c1lvarez\u00a0le pusiera un poco de sabor, esto despu\u00e9s que recordara que Scull asegurara que se lo comer\u00eda en la pela que se celebrar\u00e1 en la ANB Arena, de la ciudad de Riad.\u00a0<\/p>\n\n\n\n<blockquote class=\"wp-block-quote is-layout-flow wp-block-quote-is-layout-flow\">\n<p>&#8220;Est\u00e1 bien, yo no creo,&nbsp;<strong>dice que me va a comer, pero lo que va a comer es mi pu\u00f1o<\/strong>. Todo el mundo habla porquer\u00edas, esta vez va a ser diferente, algo que no ha sentido. La \u00fanica cosa que espero es lograr eso. Todos hablan, pero cuando est\u00e1n sobre el ring es distinto. Eso no es nuevo para m\u00ed&#8221;, asegur\u00f3, en palabras que emocionaron a los aficionados presentes.<\/p>\n<\/blockquote>\n\n\n\n<p>Canelo, quien\u00a0no asisti\u00f3 al entrenamiento p\u00fablico del mi\u00e9rcoles, reconoci\u00f3 que el horario ha sido una complicaci\u00f3n importante durante su estancia en el Medio Oriente, aunque asegur\u00f3 que eso no evitar\u00e1 que Scull &#8220;sienta el golpeo&#8221;, durante el enfrentamiento.<\/p>\n\n\n\n<figure class=\"wp-block-embed is-type-rich is-provider-twitter wp-block-embed-twitter\"><div class=\"wp-block-embed__wrapper\">\n<div class=\"embed-twitter\"><blockquote class=\"twitter-tweet\" data-width=\"550\" data-dnt=\"true\"><p lang=\"en\" dir=\"ltr\">Canelo says William Scull will feel something DIFFERENT come Saturday \ud83d\udd25<br><br>\ud83c\udf9f\ufe0f Buy fight bundle on DAZN NOW &#8211; link in bio<a href=\"https:\/\/twitter.com\/hashtag\/GarciaRomero?src=hash&amp;ref_src=twsrc%5Etfw\">#GarciaRomero<\/a> | <a href=\"https:\/\/twitter.com\/hashtag\/CaneloScull?src=hash&amp;ref_src=twsrc%5Etfw\">#CaneloScull<\/a> via <a href=\"https:\/\/twitter.com\/hashtag\/RiyadhSeason?src=hash&amp;ref_src=twsrc%5Etfw\">#RiyadhSeason<\/a> | May 2 &amp; 3 | Powered by <a href=\"https:\/\/twitter.com\/FATALFURY_PR?ref_src=twsrc%5Etfw\">@FATALFURY_PR<\/a> City of the Wolves | <a href=\"https:\/\/twitter.com\/SNKPofficial?ref_src=twsrc%5Etfw\">@SNKPofficial<\/a> | <a href=\"https:\/\/twitter.com\/ringmagazine?ref_src=twsrc%5Etfw\">@RingMagazine<\/a> <a href=\"https:\/\/t.co\/2hioVNoTGq\">pic.twitter.com\/2hioVNoTGq<\/a><\/p>&mdash; DAZN Boxing (@DAZNBoxing) <a href=\"https:\/\/twitter.com\/DAZNBoxing\/status\/1918023679742460320?ref_src=twsrc%5Etfw\">May 1, 2025<\/a><\/blockquote><script async src=\"https:\/\/platform.twitter.com\/widgets.js\" charset=\"utf-8\"><\/script><\/div>\n<\/div><\/figure>\n\n\n\n<h2 class=\"wp-block-heading\">Scull con pocas ganas de hablar<\/h2>\n\n\n\n<p>El que n<strong>o se mostr\u00f3 con ganas de iniciar una batalla verbal fue Scull<\/strong>, quien incluso luci\u00f3 hasta nervioso durante la conferencia. Cortante y sin entrar en mayores explicaciones, se\u00f1al\u00f3 que llega al 100 por ciento, adem\u00e1s de que reconoci\u00f3 que la realizaci\u00f3n del encuentro lo tom\u00f3 por sorpresa.&nbsp;<\/p>\n\n\n\n<blockquote class=\"wp-block-quote is-layout-flow wp-block-quote-is-layout-flow\">\n<p>&#8220;Sinceramente s\u00ed, pero uno sab\u00eda que en cualquier momento me iba a tocar la posibilidad. Agradezco al equipo de Canelo&#8221;, mencion\u00f3.<\/p>\n<\/blockquote>\n\n\n\n<p><\/p>\n<div class='share-to-whatsapp-wrapper'><div class='share-on-whsp'>Share on: <\/div><a data-text=''Canelo' \u00c1lvarez le responde a Scull: \"Lo \u00fanico que probar\u00e1s ser\u00e1 mi pu\u00f1o\"' data-link='https:\/\/portaltactica.com\/?p=94217' class='whatsapp-button whatsapp-share'>WhatsApp<\/a><div class='clear '><\/div><\/div>","protected":false},"excerpt":{"rendered":"<p>Sa\u00fal &#8220;Canelo&#8221; \u00c1lvarez\u00a0ofreci\u00f3 su \u00faltima conferencia de cara a\u00a0la pelea ante William Scull,\u00a0y si bien luci\u00f3 con un semblante de molesto,&hellip;<\/p>\n","protected":false},"author":2,"featured_media":94218,"comment_status":"closed","ping_status":"closed","sticky":false,"template":"","format":"standard","meta":{"advanced_seo_description":"","jetpack_seo_html_title":"","jetpack_seo_noindex":false,"_jetpack_memberships_contains_paid_content":false,"footnotes":"","jetpack_publicize_message":"","jetpack_publicize_feature_enabled":true,"jetpack_social_post_already_shared":false,"jetpack_social_options":{"image_generator_settings":{"template":"highway","default_image_id":0,"font":"","enabled":false},"version":2}},"categories":[1896],"tags":[],"class_list":["post-94217","post","type-post","status-publish","format-standard","has-post-thumbnail","hentry","category-destacado-portada"],"jetpack_publicize_connections":[],"jetpack_featured_media_url":"https:\/\/portaltactica.com\/wp-content\/uploads\/2025\/05\/7.jpg","jetpack_sharing_enabled":true,"_links":{"self":[{"href":"https:\/\/portaltactica.com\/index.php?rest_route=\/wp\/v2\/posts\/94217","targetHints":{"allow":["GET"]}}],"collection":[{"href":"https:\/\/portaltactica.com\/index.php?rest_route=\/wp\/v2\/posts"}],"about":[{"href":"https:\/\/portaltactica.com\/index.php?rest_route=\/wp\/v2\/types\/post"}],"author":[{"embeddable":true,"href":"https:\/\/portaltactica.com\/index.php?rest_route=\/wp\/v2\/users\/2"}],"replies":[{"embeddable":true,"href":"https:\/\/portaltactica.com\/index.php?rest_route=%2Fwp%2Fv2%2Fcomments&post=94217"}],"version-history":[{"count":1,"href":"https:\/\/portaltactica.com\/index.php?rest_route=\/wp\/v2\/posts\/94217\/revisions"}],"predecessor-version":[{"id":94219,"href":"https:\/\/portaltactica.com\/index.php?rest_route=\/wp\/v2\/posts\/94217\/revisions\/94219"}],"wp:featuredmedia":[{"embeddable":true,"href":"https:\/\/portaltactica.com\/index.php?rest_route=\/wp\/v2\/media\/94218"}],"wp:attachment":[{"href":"https:\/\/portaltactica.com\/index.php?rest_route=%2Fwp%2Fv2%2Fmedia&parent=94217"}],"wp:term":[{"taxonomy":"category","embeddable":true,"href":"https:\/\/portaltactica.com\/index.php?rest_route=%2Fwp%2Fv2%2Fcategories&post=94217"},{"taxonomy":"post_tag","embeddable":true,"href":"https:\/\/portaltactica.com\/index.php?rest_route=%2Fwp%2Fv2%2Ftags&post=94217"}],"curies":[{"name":"wp","href":"https:\/\/api.w.org\/{rel}","templated":true}]}}