{"id":94189,"date":"2025-05-01T09:38:31","date_gmt":"2025-05-01T16:38:31","guid":{"rendered":"https:\/\/portaltactica.com\/?p=94189"},"modified":"2025-05-01T09:38:47","modified_gmt":"2025-05-01T16:38:47","slug":"balon-de-oro-2025-como-marcha-la-competencia-por-el-premio","status":"publish","type":"post","link":"https:\/\/portaltactica.com\/?p=94189","title":{"rendered":"Bal\u00f3n de Oro 2025: \u00bfC\u00f3mo marcha la competencia por el premio?"},"content":{"rendered":"\n<p>El camino rumbo al&nbsp;<strong>Bal\u00f3n de Oro 2025<\/strong>&nbsp;finaliza en octubre, a\u00fan con fecha exacta por confirmar; sin embargo, la recta final en el presente curso es clave para las aspiraciones de los principales candidatos al premio, porque sus clubes se mantienen en la pelea por alzar la mayor cantidad de t\u00edtulos disponibles, tanto a nivel dom\u00e9stico como en escena internacional, y el palmar\u00e9s colectivo junto con el rendimiento individual suelen ser criterios que marcan diferencia para elegir al ganador.<\/p>\n\n\n\n<p>De cara a la cita anual emitida por la publicaci\u00f3n&nbsp;<em>France Football&nbsp;<\/em>para congregar al mundo del balompi\u00e9 bajo el techo del Th\u00e9\u00e2tre du Ch\u00e2telet en Par\u00eds, Francia, el listado de aspirantes al&nbsp;<strong>Bal\u00f3n de Oro 2025<\/strong>&nbsp;se ha te\u00f1ido de tonos azulgrana, gracias al notable funcionamiento del FC Barcelona en todos los torneos que ha disputado, con&nbsp;<strong>Raphinha<\/strong>,&nbsp;<strong>Robert Lewandowski<\/strong>,&nbsp;<strong>Lamine Yamal&nbsp;<\/strong>y&nbsp;<strong>Pedri&nbsp;<\/strong>como representantes, adem\u00e1s de&nbsp;<strong>Ousmane Demb\u00e9l\u00e9&nbsp;<\/strong>(Paris Saint-Germain) y&nbsp;<strong>Lautaro<\/strong>&nbsp;<strong>Mart\u00ednez&nbsp;<\/strong>(Inter) como animadores en la carrera por el galard\u00f3n.<\/p>\n\n\n\n<h2 class=\"wp-block-heading\"><a href=\"https:\/\/www.espn.com.mx\/futbol\/equipo\/_\/id\/83\/barcelona\"><\/a>&nbsp;Raphinha&nbsp;&#8211;&nbsp;FC Barcelona<\/h2>\n\n\n\n<p>El delantero brasile\u00f1o de 28 a\u00f1os registr\u00f3 dos temporadas discretas con el equipo blaugrana antes de mostrar su mejor versi\u00f3n como extremo a lo largo de la presente, con 51 duelos disputados, 30 goles y 15 asistencias, que lo colocan como el jugador con mayor desequilibrio en el tridente ofensivo cul\u00e9 y como uno de los l\u00edderes en el vestuario, incluso avalado por el c\u00edrculo de capitanes.<\/p>\n\n\n\n<p>Con la camiseta del&nbsp;<strong>FC Barcelona<\/strong>,&nbsp;<strong>Raphinha&nbsp;<\/strong>ha celebrado la obtenci\u00f3n de la&nbsp;<strong>Supercopa de Espa\u00f1a<\/strong>&nbsp;y la&nbsp;<strong>Copa del Rey<\/strong>&nbsp;en lo que va de la temporada; adem\u00e1s, el equipo catal\u00e1n se halla en el primer puesto de la carrera por el trofeo de&nbsp;<strong>LaLiga<\/strong>, as\u00ed como en semifinales de&nbsp;<strong>Champions League<\/strong>, y aspira a un nuevo &#8216;sextete&#8217; para la historia cul\u00e9.<\/p>\n\n\n\n<h2 class=\"wp-block-heading\"><a href=\"https:\/\/www.espn.com.mx\/futbol\/equipo\/_\/id\/160\/paris-saint-germain\">&nbsp;<\/a>Ousmane Demb\u00e9l\u00e9&nbsp;&#8211;&nbsp;Paris Saint-Germain<\/h2>\n\n\n\n<p>El atacante franc\u00e9s ha encontrado su mejor versi\u00f3n como jugador durante la segunda temporada al interior del equipo parisino, con 45 duelos disputados hasta el momento en todos los torneos y registro de 33 goles con doce asistencias, que lo colocan como m\u00e1xima figura de la plantilla.<\/p>\n\n\n\n<p>Respecto a trofeos en dicho lapso,&nbsp;<strong>Paris Saint-Germain<\/strong>&nbsp;y&nbsp;<strong>Ousmane Demb\u00e9l\u00e9<\/strong>, habitual extremo reconvertido en eje de ataque, han ganado la&nbsp;<strong>Supercopa de Francia&nbsp;<\/strong>(Troph\u00e9e des Champions) y asegurado el de&nbsp;<strong>Ligue 1&nbsp;<\/strong>al t\u00e9rmino de la Jornada 28. Adem\u00e1s de lo anterior, se han instalado en la&nbsp;<strong>Copa de Francia<\/strong>&nbsp;y mantienen esperanzas en&nbsp;<strong>Champions League&nbsp;<\/strong>como semifinalistas.<\/p>\n\n\n\n<h2 class=\"wp-block-heading\"><a href=\"https:\/\/www.espn.com.mx\/futbol\/equipo\/_\/id\/83\/barcelona\">&nbsp;<\/a>Pedri-&nbsp;FC Barcelona<\/h2>\n\n\n\n<p>Durante el presente curso, el mediocentro ha sido respetado por las lesiones, que temporadas atr\u00e1s le impidieron manejar los hilos en el cintur\u00f3n del campo blaugrana, y se ha convertido en pieza fundamental dentro del esquema que plantea el t\u00e9cnico&nbsp;<strong>Hansi Flick<\/strong>. Bajo la batuta del alem\u00e1n,&nbsp;<strong>Pedri&nbsp;<\/strong>ha disputado 53 partidos, en los que ha creado 88 oportunidades (cifra m\u00e1s alta entre los centrocampistas del equipo) y ha aportado seis goles con siete asistencia<\/p>\n\n\n\n<p>Al igual que&nbsp;<strong>Raphinha&nbsp;<\/strong>en el mismo lapso con&nbsp;<strong>FC Barcelona<\/strong>, el juvenil ha festejado la&nbsp;<strong>Supercopa de Espa\u00f1a<\/strong>&nbsp;y&nbsp;<strong>Copa del Rey<\/strong>; adem\u00e1s, se encuentran en la cima de la pelea por el t\u00edtulo de LaLiga y son candidatos al t\u00edtulo de&nbsp;<strong>Champions<\/strong>.<\/p>\n\n\n\n<h2 class=\"wp-block-heading\"><a href=\"https:\/\/www.espn.com.mx\/futbol\/equipo\/_\/id\/110\/internazionale\">&nbsp;<\/a>Lautaro Mart\u00ednez&nbsp;&#8211;&nbsp;Inter<\/h2>\n\n\n\n<p>El eje de ataque argentino, s\u00e9ptimo lugar en la pasada votaci\u00f3n por el&nbsp;<strong>Bal\u00f3n de Oro<\/strong>, se halla nuevamente entre los aspirantes a la condecoraci\u00f3n gracias a 21 goles y seis asistencias luego de 47 duelos durante la presente campa\u00f1a europea, que lo colocan como jugador ofensivo con mejores cifras dentro de la plantilla, ligeramente por encima de&nbsp;<strong>Marcus Thuram<\/strong>.<\/p>\n\n\n\n<p>A nivel colectivo,&nbsp;<strong>Lautaro Mart\u00ednez&nbsp;<\/strong>e&nbsp;<strong>Internazionale&nbsp;<\/strong>est\u00e1n en semifinales de&nbsp;<strong>Champions League<\/strong>&nbsp;y se sit\u00faan en el segundo pelda\u00f1o de la clasificaci\u00f3n en&nbsp;<strong>Serie A<\/strong>&nbsp;con 71 puntos; dependen de cuatro fechas finales que rocen la perfecci\u00f3n, as\u00ed como de un tropiezo del&nbsp;<strong>Napoli&nbsp;<\/strong>(74 unidades), para alargar la pelea por el laurel. Por otro lado, el ac\u00e9rrimo rival,&nbsp;<strong>AC Milan<\/strong>, les arrebat\u00f3 la posibilidad de obtener dos t\u00edtulos m\u00e1s: la&nbsp;<strong>Supercopa de Italia<\/strong>&nbsp;en la final y la&nbsp;<strong>Copa de Italia<\/strong>&nbsp;en semifinales.<\/p>\n\n\n\n<p><a href=\"https:\/\/www.espn.com.mx\/futbol\/equipo\/_\/id\/83\/barcelona\">&nbsp;<\/a>Robert Lewandowski&nbsp;&#8211;&nbsp;FC Barcelona<\/p>\n\n\n\n<p>El eje de ataque busca una revancha tras una temporada 2020-21 de ensue\u00f1o, en la que bati\u00f3 el r\u00e9cord de goles en&nbsp;<strong>Bundesliga&nbsp;<\/strong>y dio sus mejores cifras como profesional, pero France Football cancel\u00f3 la edici\u00f3n 2020 del&nbsp;<strong>Bal\u00f3n de Oro<\/strong>&nbsp;y en 2021 se lo entreg\u00f3 a&nbsp;<strong>Lionel Messi<\/strong>.<\/p>\n\n\n\n<p>Como argumento para hacerse con el trofeo, el polaco de 36 a\u00f1os es el m\u00e1ximo goleador contando toda competici\u00f3n europea, con 40 dianas en 48 apariciones; sin embargo, una lesi\u00f3n a mediados de abril le ha impedido aumentar la abultada cifra de anotaciones, en la que es seguido de cerca por&nbsp;<strong>Harry Kane&nbsp;<\/strong>(36), as\u00ed como las actuaciones clave en el momento crucial de la campa\u00f1a.<\/p>\n\n\n\n<h2 class=\"wp-block-heading\"><a href=\"https:\/\/www.espn.com.mx\/futbol\/equipo\/_\/id\/83\/barcelona\">&nbsp;<\/a>Lamine Yamal&nbsp;&#8211;&nbsp;FC Barcelona<\/h2>\n\n\n\n<p>El juvenil espa\u00f1ol se destap\u00f3 como figura del equipo blaugrana al inicio de la presente temporada y ha ganado argumentos para ser considerado entre los mejores futbolistas del mundo apenas con 17 a\u00f1os; no obstante, las llamativas cifras todav\u00eda no acompa\u00f1an del todo rumbo a la cima del listado, con especial \u00e9nfasis en compa\u00f1eros de vestuario como&nbsp;<strong>Raphinha&nbsp;<\/strong>y&nbsp;<strong>Robert Lewandowski<\/strong>.<\/p>\n\n\n\n<p>En lo que va de la temporada,&nbsp;<strong>Yamal&nbsp;<\/strong>ha convertido en 15 ocasiones y registra la plausible cantidad de 24 pases para gol luego de 49 partidos disputados, entre los que se encuentran las finales -con t\u00edtulo incluido- tanto en&nbsp;<strong>Copa del Rey<\/strong>&nbsp;como&nbsp;<strong>Supercopa de Espa\u00f1a<\/strong>.<\/p>\n\n\n\n<p><\/p>\n\n\n\n<p style=\"font-size:10px\"><em>Fuente: ESPN.<\/em><\/p>\n<div class='share-to-whatsapp-wrapper'><div class='share-on-whsp'>Share on: <\/div><a data-text='Bal\u00f3n de Oro 2025: \u00bfC\u00f3mo marcha la competencia por el premio?' data-link='https:\/\/portaltactica.com\/?p=94189' class='whatsapp-button whatsapp-share'>WhatsApp<\/a><div class='clear '><\/div><\/div>","protected":false},"excerpt":{"rendered":"<p>El camino rumbo al&nbsp;Bal\u00f3n de Oro 2025&nbsp;finaliza en octubre, a\u00fan con fecha exacta por confirmar; sin embargo, la recta final en&hellip;<\/p>\n","protected":false},"author":2,"featured_media":94191,"comment_status":"closed","ping_status":"closed","sticky":false,"template":"","format":"standard","meta":{"advanced_seo_description":"","jetpack_seo_html_title":"","jetpack_seo_noindex":false,"_jetpack_memberships_contains_paid_content":false,"footnotes":"","jetpack_publicize_message":"","jetpack_publicize_feature_enabled":true,"jetpack_social_post_already_shared":false,"jetpack_social_options":{"image_generator_settings":{"template":"highway","default_image_id":0,"font":"","enabled":false},"version":2}},"categories":[3628],"tags":[],"class_list":["post-94189","post","type-post","status-publish","format-standard","has-post-thumbnail","hentry","category-fotonoticia"],"jetpack_publicize_connections":[],"jetpack_featured_media_url":"https:\/\/portaltactica.com\/wp-content\/uploads\/2025\/05\/1.jpg","jetpack_sharing_enabled":true,"_links":{"self":[{"href":"https:\/\/portaltactica.com\/index.php?rest_route=\/wp\/v2\/posts\/94189","targetHints":{"allow":["GET"]}}],"collection":[{"href":"https:\/\/portaltactica.com\/index.php?rest_route=\/wp\/v2\/posts"}],"about":[{"href":"https:\/\/portaltactica.com\/index.php?rest_route=\/wp\/v2\/types\/post"}],"author":[{"embeddable":true,"href":"https:\/\/portaltactica.com\/index.php?rest_route=\/wp\/v2\/users\/2"}],"replies":[{"embeddable":true,"href":"https:\/\/portaltactica.com\/index.php?rest_route=%2Fwp%2Fv2%2Fcomments&post=94189"}],"version-history":[{"count":2,"href":"https:\/\/portaltactica.com\/index.php?rest_route=\/wp\/v2\/posts\/94189\/revisions"}],"predecessor-version":[{"id":94192,"href":"https:\/\/portaltactica.com\/index.php?rest_route=\/wp\/v2\/posts\/94189\/revisions\/94192"}],"wp:featuredmedia":[{"embeddable":true,"href":"https:\/\/portaltactica.com\/index.php?rest_route=\/wp\/v2\/media\/94191"}],"wp:attachment":[{"href":"https:\/\/portaltactica.com\/index.php?rest_route=%2Fwp%2Fv2%2Fmedia&parent=94189"}],"wp:term":[{"taxonomy":"category","embeddable":true,"href":"https:\/\/portaltactica.com\/index.php?rest_route=%2Fwp%2Fv2%2Fcategories&post=94189"},{"taxonomy":"post_tag","embeddable":true,"href":"https:\/\/portaltactica.com\/index.php?rest_route=%2Fwp%2Fv2%2Ftags&post=94189"}],"curies":[{"name":"wp","href":"https:\/\/api.w.org\/{rel}","templated":true}]}}