{"id":93914,"date":"2025-04-21T13:16:36","date_gmt":"2025-04-21T20:16:36","guid":{"rendered":"https:\/\/portaltactica.com\/?p=93914"},"modified":"2025-04-21T13:16:39","modified_gmt":"2025-04-21T20:16:39","slug":"leverkusen-no-pondria-trabas-a-la-llegada-de-xabi-alonso-al-real-madrid","status":"publish","type":"post","link":"https:\/\/portaltactica.com\/?p=93914","title":{"rendered":"Leverkusen no pondr\u00eda trabas a la llegada de Xabi Alonso al Real Madrid"},"content":{"rendered":"\n<p>El\u00a0<strong>director ejecutivo del\u00a0Bayer Leverkusen<\/strong>, el espa\u00f1ol\u00a0<strong>Fernando Carro<\/strong>, reconoci\u00f3 este lunes<strong>\u00a0un &#8220;acuerdo de caballeros&#8221; con su entrenador Xabi Alonso<\/strong>, en caso de que el\u00a0<strong>t\u00e9cnico vasco reciba una oferta de uno de sus antiguos clubes<\/strong>, entre ellos el\u00a0<strong>Real Madrid<\/strong>.<\/p>\n\n\n\n<blockquote class=\"wp-block-quote is-layout-flow wp-block-quote-is-layout-flow\">\n<p>Tenemos un acuerdo de caballeros por el que si viene alg\u00fan equipo en el que \u00e9l ha jugado nos sentamos a hablar y no le pondr\u00edamos impedimentos&#8221; a su salida, explic\u00f3 Fernando Carro desde Madrid, donde estar\u00e1 presente en la ceremonia de los premios Laureus del deporte.<\/p>\n<\/blockquote>\n\n\n\n<p><strong>Xabi Alonso<\/strong>, que entrena al club alem\u00e1n desde septiembre de 2022,&nbsp;<strong>comenz\u00f3 su carrera como jugador en la Real Sociedad<\/strong>&nbsp;(2000-2004), antes de&nbsp;<strong>recalar en el Liverpool&nbsp;<\/strong>(2004-2009),&nbsp;<strong>Real Madrid<\/strong>&nbsp;(2009-2014) y&nbsp;<strong>Bayern M\u00fanich<\/strong>&nbsp;(2014-2017).<\/p>\n\n\n\n<blockquote class=\"wp-block-quote is-layout-flow wp-block-quote-is-layout-flow\">\n<p>Nuestro deseo ser\u00eda que siguiese, pero con \u00e9l tenemos claro que la decisi\u00f3n tiene que ser en las pr\u00f3ximas tres o cuatro semanas, no podemos esperar a final de temporada para saberlo&#8221;, a\u00f1adi\u00f3 el dirigente del Bayer.<\/p>\n<\/blockquote>\n\n\n\n<p>La<strong>&nbsp;eliminaci\u00f3n del Real Madrid en cuartos de final de la Champions League&nbsp;<\/strong>a manos del&nbsp;<strong>Arsenal&nbsp;<\/strong>(5-1 en el c\u00f3mputo total)&nbsp;<strong>fragiliz\u00f3 la posici\u00f3n del t\u00e9cnico<\/strong>&nbsp;&#8216;merengue&#8217;, el italiano&nbsp;<strong>Carlo Ancelotti<\/strong>.&nbsp;<\/p>\n\n\n\n<p>El&nbsp;<strong>nombre de Xabi Alonso, campe\u00f3n con el Leverkusen de la pasada Bundesliga<\/strong>&nbsp;alemana,&nbsp;<strong>suena con insistencia<\/strong>&nbsp;los \u00faltimos meses como<strong>&nbsp;futuro&nbsp;inquilino del banquillo<\/strong>&nbsp;del Santiago Bernab\u00e9u.<\/p>\n\n\n\n<h2 class=\"wp-block-heading\"><strong>LOS M\u00c9RITOS DE XABI ALONSO EN SU CARRERA<\/strong><\/h2>\n\n\n\n<p>Luego de&nbsp;<strong>una carrera como jugador plagada de \u00e9xitos<\/strong>&nbsp;-dos&nbsp;<strong>Champions League<\/strong>&nbsp;(2005 y 2014), un&nbsp;<strong>Mundial&nbsp;<\/strong>(2010) y dos&nbsp;<strong>Eurocopas&nbsp;<\/strong>(2008 y 2012)-,&nbsp;<strong>Xabi Alonso se reconvirti\u00f3 en entrenador<\/strong>, primero en el filial de la&nbsp;<strong>Real Sociedad<\/strong>&nbsp;(2019-2022).<\/p>\n\n\n\n<p><strong>Llegado en septiembre de 2022 a Leverkusen<\/strong>&nbsp;para enderezar el rumbo de&nbsp;<strong>un equipo que en aquel entonces marchaba en pen\u00faltima posici\u00f3n&nbsp;<\/strong>de la Bundesliga,&nbsp;<strong>Xabi Alonso no tard\u00f3 en destacar en su primera experiencia<\/strong>&nbsp;al frente de un equipo de uno de los&nbsp;<strong>cinco grandes campeonatos europeos<\/strong>.<\/p>\n\n\n\n<p><strong>Clasific\u00f3 al Leverkusen para la Europa League<\/strong>&nbsp;al t\u00e9rmino de la temporada 2022-2023, y despu\u00e9s&nbsp;<strong>firm\u00f3 una temporada casi perfecta en 2023-2024 con un doblete Bundesliga\/Copa Alemana<\/strong>. El Bayer conquist\u00f3&nbsp;<strong>el primer &#8216;Schale&#8217;<\/strong>&nbsp;-el trofeo que recibe el campe\u00f3n de la Bundesliga- de su historia,<strong>&nbsp;poniendo fin a once a\u00f1os de dominio hegem\u00f3nico del Bayern M\u00fanich<\/strong>.<\/p>\n<div class='share-to-whatsapp-wrapper'><div class='share-on-whsp'>Share on: <\/div><a data-text='Leverkusen no pondr\u00eda trabas a la llegada de Xabi Alonso al Real Madrid' data-link='https:\/\/portaltactica.com\/?p=93914' class='whatsapp-button whatsapp-share'>WhatsApp<\/a><div class='clear '><\/div><\/div>","protected":false},"excerpt":{"rendered":"<p>El\u00a0director ejecutivo del\u00a0Bayer Leverkusen, el espa\u00f1ol\u00a0Fernando Carro, reconoci\u00f3 este lunes\u00a0un &#8220;acuerdo de caballeros&#8221; con su entrenador Xabi Alonso, en caso de&hellip;<\/p>\n","protected":false},"author":2,"featured_media":93915,"comment_status":"closed","ping_status":"closed","sticky":false,"template":"","format":"standard","meta":{"advanced_seo_description":"","jetpack_seo_html_title":"","jetpack_seo_noindex":false,"_jetpack_memberships_contains_paid_content":false,"footnotes":"","jetpack_publicize_message":"","jetpack_publicize_feature_enabled":true,"jetpack_social_post_already_shared":false,"jetpack_social_options":{"image_generator_settings":{"template":"highway","default_image_id":0,"font":"","enabled":false},"version":2}},"categories":[1896],"tags":[],"class_list":["post-93914","post","type-post","status-publish","format-standard","has-post-thumbnail","hentry","category-destacado-portada"],"jetpack_publicize_connections":[],"jetpack_featured_media_url":"https:\/\/portaltactica.com\/wp-content\/uploads\/2025\/04\/6-3.png","jetpack_sharing_enabled":true,"_links":{"self":[{"href":"https:\/\/portaltactica.com\/index.php?rest_route=\/wp\/v2\/posts\/93914","targetHints":{"allow":["GET"]}}],"collection":[{"href":"https:\/\/portaltactica.com\/index.php?rest_route=\/wp\/v2\/posts"}],"about":[{"href":"https:\/\/portaltactica.com\/index.php?rest_route=\/wp\/v2\/types\/post"}],"author":[{"embeddable":true,"href":"https:\/\/portaltactica.com\/index.php?rest_route=\/wp\/v2\/users\/2"}],"replies":[{"embeddable":true,"href":"https:\/\/portaltactica.com\/index.php?rest_route=%2Fwp%2Fv2%2Fcomments&post=93914"}],"version-history":[{"count":1,"href":"https:\/\/portaltactica.com\/index.php?rest_route=\/wp\/v2\/posts\/93914\/revisions"}],"predecessor-version":[{"id":93916,"href":"https:\/\/portaltactica.com\/index.php?rest_route=\/wp\/v2\/posts\/93914\/revisions\/93916"}],"wp:featuredmedia":[{"embeddable":true,"href":"https:\/\/portaltactica.com\/index.php?rest_route=\/wp\/v2\/media\/93915"}],"wp:attachment":[{"href":"https:\/\/portaltactica.com\/index.php?rest_route=%2Fwp%2Fv2%2Fmedia&parent=93914"}],"wp:term":[{"taxonomy":"category","embeddable":true,"href":"https:\/\/portaltactica.com\/index.php?rest_route=%2Fwp%2Fv2%2Fcategories&post=93914"},{"taxonomy":"post_tag","embeddable":true,"href":"https:\/\/portaltactica.com\/index.php?rest_route=%2Fwp%2Fv2%2Ftags&post=93914"}],"curies":[{"name":"wp","href":"https:\/\/api.w.org\/{rel}","templated":true}]}}