{"id":93905,"date":"2025-04-21T10:38:34","date_gmt":"2025-04-21T17:38:34","guid":{"rendered":"https:\/\/portaltactica.com\/?p=93905"},"modified":"2025-04-21T10:38:36","modified_gmt":"2025-04-21T17:38:36","slug":"willer-ditta-involucrado-en-accidente-automovilistico-cruz-azul-indaga-los-hechos","status":"publish","type":"post","link":"https:\/\/portaltactica.com\/?p=93905","title":{"rendered":"Willer Ditta involucrado en accidente automovil\u00edstico; Cruz Azul indaga los hechos"},"content":{"rendered":"\n<p>Uno de los enfrentamientos confirmados para los Cuartos de Final del\u00a0<strong>Clausura 2025<\/strong>\u00a0es el de\u00a0<strong>Cruz Azul<\/strong>\u00a0contra\u00a0<strong>Le\u00f3n<\/strong>, clasificados en el tercer y sexto puesto, respectivamente. Y la mala noticia para la M\u00e1quina es que\u00a0<strong>Willer Ditta<\/strong>, protagoniz\u00f3 un choque antes del duelo de la\u00a0<strong>Copa de Campeones de Concacaf<\/strong>.\u00a0<\/p>\n\n\n\n<p>El defensa colombiano se vio involucrado en un accidente automovil\u00edstico y el club analiza si viajar\u00e1 a Nuevo Le\u00f3n para el partido de ida de la Semifinal contra&nbsp;<strong>Tigres&nbsp;<\/strong>en Concachampions. Lo anterior de acuerdo con C\u00e9sar Caballero de ESPN.&nbsp;<\/p>\n\n\n\n<h2 class=\"wp-block-heading\">Willer Ditta sufri\u00f3 un accidente, de momento no hay reporte de lesionados&nbsp;<\/h2>\n\n\n\n<p>Aunque en redes sociales circul\u00f3 una versi\u00f3n de que varias personas resultaron lastimadas, otros informes de reporteros que cubren Cruz Azul descartan esto. Seg\u00fan C\u00e9sar Caballero, s\u00ed hubo un percance automovil\u00edstico y el equipo hablar\u00e1 con jugador para conocer los detalles.&nbsp;<\/p>\n\n\n\n<p>&#8220;No hay reporte de alcohol en Ditta al momento del choque&#8221;, a\u00f1adi\u00f3 la fuente mencionada, quien adem\u00e1s asegur\u00f3 que por ahora el cuerpo t\u00e9cnico de&nbsp;<strong>Vicente S\u00e1nchez<\/strong>&nbsp;s\u00ed lo contempla para viajar a Monterrey.&nbsp;<\/p>\n\n\n\n<p>Por su parte, Carlos C\u00f3rdova inform\u00f3 que &#8220;seg\u00fan un primer reporte, no hay lesionados de gravedad&#8221;. De momento, el club no ha publicado nada ni las autoridades de la Ciudad de M\u00e9xico.&nbsp;<\/p>\n\n\n\n<h2 class=\"wp-block-heading\">Los n\u00fameros de Willer Ditta este semestre&nbsp;<\/h2>\n\n\n\n<p>El colombiano jug\u00f3 16 de 17 partidos del&nbsp;<strong>Clausura 2025,&nbsp;<\/strong>solo ausente en el encuentro ante&nbsp;<strong>Mazatl\u00e1n&nbsp;<\/strong>en la Jornada 10. Mientras que en la 9, contra&nbsp;<strong>Gallos Blancos,&nbsp;<\/strong>fue la \u00fanica en la que no jug\u00f3 todo el partido. Mientras que en la Concachampions se perdi\u00f3 solo el compromiso de vuelta ante&nbsp;<strong>Real Hope,&nbsp;<\/strong>en el cual fue suplente.&nbsp;<\/p>\n<div class='share-to-whatsapp-wrapper'><div class='share-on-whsp'>Share on: <\/div><a data-text='Willer Ditta involucrado en accidente automovil\u00edstico; Cruz Azul indaga los hechos' data-link='https:\/\/portaltactica.com\/?p=93905' class='whatsapp-button whatsapp-share'>WhatsApp<\/a><div class='clear '><\/div><\/div>","protected":false},"excerpt":{"rendered":"<p>Uno de los enfrentamientos confirmados para los Cuartos de Final del\u00a0Clausura 2025\u00a0es el de\u00a0Cruz Azul\u00a0contra\u00a0Le\u00f3n, clasificados en el tercer y sexto&hellip;<\/p>\n","protected":false},"author":2,"featured_media":93906,"comment_status":"closed","ping_status":"closed","sticky":false,"template":"","format":"standard","meta":{"advanced_seo_description":"","jetpack_seo_html_title":"","jetpack_seo_noindex":false,"_jetpack_memberships_contains_paid_content":false,"footnotes":"","jetpack_publicize_message":"","jetpack_publicize_feature_enabled":true,"jetpack_social_post_already_shared":false,"jetpack_social_options":{"image_generator_settings":{"template":"highway","default_image_id":0,"font":"","enabled":false},"version":2}},"categories":[1897],"tags":[],"class_list":["post-93905","post","type-post","status-publish","format-standard","has-post-thumbnail","hentry","category-destacado-nacional"],"jetpack_publicize_connections":[],"jetpack_featured_media_url":"https:\/\/portaltactica.com\/wp-content\/uploads\/2025\/04\/3-11-scaled.jpg","jetpack_sharing_enabled":true,"_links":{"self":[{"href":"https:\/\/portaltactica.com\/index.php?rest_route=\/wp\/v2\/posts\/93905","targetHints":{"allow":["GET"]}}],"collection":[{"href":"https:\/\/portaltactica.com\/index.php?rest_route=\/wp\/v2\/posts"}],"about":[{"href":"https:\/\/portaltactica.com\/index.php?rest_route=\/wp\/v2\/types\/post"}],"author":[{"embeddable":true,"href":"https:\/\/portaltactica.com\/index.php?rest_route=\/wp\/v2\/users\/2"}],"replies":[{"embeddable":true,"href":"https:\/\/portaltactica.com\/index.php?rest_route=%2Fwp%2Fv2%2Fcomments&post=93905"}],"version-history":[{"count":1,"href":"https:\/\/portaltactica.com\/index.php?rest_route=\/wp\/v2\/posts\/93905\/revisions"}],"predecessor-version":[{"id":93907,"href":"https:\/\/portaltactica.com\/index.php?rest_route=\/wp\/v2\/posts\/93905\/revisions\/93907"}],"wp:featuredmedia":[{"embeddable":true,"href":"https:\/\/portaltactica.com\/index.php?rest_route=\/wp\/v2\/media\/93906"}],"wp:attachment":[{"href":"https:\/\/portaltactica.com\/index.php?rest_route=%2Fwp%2Fv2%2Fmedia&parent=93905"}],"wp:term":[{"taxonomy":"category","embeddable":true,"href":"https:\/\/portaltactica.com\/index.php?rest_route=%2Fwp%2Fv2%2Fcategories&post=93905"},{"taxonomy":"post_tag","embeddable":true,"href":"https:\/\/portaltactica.com\/index.php?rest_route=%2Fwp%2Fv2%2Ftags&post=93905"}],"curies":[{"name":"wp","href":"https:\/\/api.w.org\/{rel}","templated":true}]}}