{"id":93902,"date":"2025-04-21T09:15:31","date_gmt":"2025-04-21T16:15:31","guid":{"rendered":"https:\/\/portaltactica.com\/?p=93902"},"modified":"2025-04-21T09:15:34","modified_gmt":"2025-04-21T16:15:34","slug":"la-muerte-del-papa-francisco-provoca-la-suspension-de-los-partidos-de-serie-a","status":"publish","type":"post","link":"https:\/\/portaltactica.com\/?p=93902","title":{"rendered":"La muerte del Papa Francisco provoca la suspensi\u00f3n de los partidos de Serie A"},"content":{"rendered":"\n<p>Los\u00a0<strong>cuatro partidos de la\u00a0Serie A<\/strong>\u00a0programados para este\u00a0<strong>lunes\u00a0<\/strong>fueron\u00a0<strong>suspendidos tras el anuncio de la muerte del Papa Francisco a los 88 a\u00f1os<\/strong>, mientras que el\u00a0<strong>Comit\u00e9 Ol\u00edmpico Italiano (CONI)\u00a0<\/strong>invit\u00f3 a todas las<strong>\u00a0federaciones deportivas<\/strong>\u00a0a\u00a0<strong>suspender sus competiciones\u00a0<\/strong>programadas este d\u00eda.<\/p>\n\n\n\n<blockquote class=\"wp-block-quote is-layout-flow wp-block-quote-is-layout-flow\">\n<p>Como consecuencia de la desaparici\u00f3n del Santo Padre, la Liga anuncia que los partidos de los campeonatos de Primera divisi\u00f3n y de los filiales fueron aplazados a fechas posteriores, a\u00fan por definir&#8221;, explic\u00f3 la Lega Serie A, organizador del campeonato italiano de f\u00fatbol, en un comunicado.<\/p>\n<\/blockquote>\n\n\n\n<p>Los&nbsp;<strong>partidos aplazados<\/strong>&nbsp;son los siguientes:&nbsp;<strong>Torino-Udinese, Cagliari-Fiorentina, G\u00e9nova-Lazio y Parma-Juventus<\/strong>.<\/p>\n\n\n\n<p>A&nbsp;<strong>cinco jornadas para la finalizaci\u00f3n<\/strong>&nbsp;del campeonato, la&nbsp;<strong>carrera por el t\u00edtulo y la clasificaci\u00f3n para las competiciones europeas<\/strong>&nbsp;est\u00e1n sin definir: el&nbsp;<strong>Inter<\/strong>, que el domingo perdi\u00f3 en&nbsp;<strong>Bolonia&nbsp;<\/strong>(1-0) est\u00e1&nbsp;<strong>empatado en el liderato<\/strong>&nbsp;(ambos con 71 puntos) con el&nbsp;<strong>N\u00e1poles<\/strong>, que el s\u00e1bado gan\u00f3 por el mismo resultado al&nbsp;<strong>Monza<\/strong>.<\/p>\n\n\n\n<p>Por la&nbsp;<strong>clasificaci\u00f3n para las competiciones europeas<\/strong>&nbsp;de la pr\u00f3xima temporada, pelean seis equipos:&nbsp;<strong>Atalanta&nbsp;<\/strong>(64 puntos),&nbsp;<strong>Bolonia&nbsp;<\/strong>(60),&nbsp;<strong>Juventus&nbsp;<\/strong>(59),&nbsp;<strong>Roma&nbsp;<\/strong>(57),&nbsp;<strong>Lazio&nbsp;<\/strong>(56),&nbsp;<strong>Fiorentina&nbsp;<\/strong>(53) y&nbsp;<strong>AC Milan<\/strong>&nbsp;(51).<\/p>\n\n\n\n<p>El&nbsp;<strong>Vaticano anunci\u00f3 este lunes por la ma\u00f1ana<\/strong>&nbsp;en un mensaje a trav\u00e9s de la red Telegram<strong>&nbsp;el fallecimiento del Papa Francisco<\/strong>&nbsp;&#8220;a las 7:35 horas&#8221; a los 88 a\u00f1os.<\/p>\n\n\n\n<p>Argentino de nacimiento,<strong>&nbsp;Jorge Bergoglio, siempre mostr\u00f3 su pasi\u00f3n por el futbol&nbsp;<\/strong>y era reconocido hincha de San Lorenzo.<\/p>\n\n\n\n<blockquote class=\"wp-block-quote is-layout-flow wp-block-quote-is-layout-flow\">\n<p>Con el papa Francisco se va un hombre que ser\u00e1 echado de menos por todos, no solamente los cat\u00f3licos. Transmiti\u00f3 el sentido de la bondad, de la solidaridad, de la inclusi\u00f3n&#8221;, reaccion\u00f3 el N\u00e1poles.<\/p>\n<\/blockquote>\n\n\n\n<blockquote class=\"wp-block-quote is-layout-flow wp-block-quote-is-layout-flow\">\n<p>El Inter se suma al dolor provocado por la muerte del papa Francisco, un hombre de fe, de humildad y de di\u00e1logo que supo hablar al coraz\u00f3n de todos&#8221;, destac\u00f3 por su parte el Inter.<\/p>\n<\/blockquote>\n\n\n\n<p>El&nbsp;<strong>Comit\u00e9 Ol\u00edmpico Italiano (CONI)<\/strong>, en un comunicado, invit\u00f3<strong><em>&nbsp;&#8220;a las federaciones nacionales y a todos los organizadores de pruebas a suspender sus competiciones de este lunes&#8221;<\/em><\/strong>. El CONI pidi\u00f3 tambi\u00e9n&nbsp;<strong>respetar un minuto de silencio<\/strong>&nbsp;durante toda la semana.<\/p>\n<div class='share-to-whatsapp-wrapper'><div class='share-on-whsp'>Share on: <\/div><a data-text='La muerte del Papa Francisco provoca la suspensi\u00f3n de los partidos de Serie A' data-link='https:\/\/portaltactica.com\/?p=93902' class='whatsapp-button whatsapp-share'>WhatsApp<\/a><div class='clear '><\/div><\/div>","protected":false},"excerpt":{"rendered":"<p>Los\u00a0cuatro partidos de la\u00a0Serie A\u00a0programados para este\u00a0lunes\u00a0fueron\u00a0suspendidos tras el anuncio de la muerte del Papa Francisco a los 88 a\u00f1os, mientras&hellip;<\/p>\n","protected":false},"author":2,"featured_media":93903,"comment_status":"closed","ping_status":"closed","sticky":false,"template":"","format":"standard","meta":{"advanced_seo_description":"","jetpack_seo_html_title":"","jetpack_seo_noindex":false,"_jetpack_memberships_contains_paid_content":false,"footnotes":"","jetpack_publicize_message":"","jetpack_publicize_feature_enabled":true,"jetpack_social_post_already_shared":false,"jetpack_social_options":{"image_generator_settings":{"template":"highway","default_image_id":0,"font":"","enabled":false},"version":2}},"categories":[1896],"tags":[],"class_list":["post-93902","post","type-post","status-publish","format-standard","has-post-thumbnail","hentry","category-destacado-portada"],"jetpack_publicize_connections":[],"jetpack_featured_media_url":"https:\/\/portaltactica.com\/wp-content\/uploads\/2025\/04\/2-5.png","jetpack_sharing_enabled":true,"_links":{"self":[{"href":"https:\/\/portaltactica.com\/index.php?rest_route=\/wp\/v2\/posts\/93902","targetHints":{"allow":["GET"]}}],"collection":[{"href":"https:\/\/portaltactica.com\/index.php?rest_route=\/wp\/v2\/posts"}],"about":[{"href":"https:\/\/portaltactica.com\/index.php?rest_route=\/wp\/v2\/types\/post"}],"author":[{"embeddable":true,"href":"https:\/\/portaltactica.com\/index.php?rest_route=\/wp\/v2\/users\/2"}],"replies":[{"embeddable":true,"href":"https:\/\/portaltactica.com\/index.php?rest_route=%2Fwp%2Fv2%2Fcomments&post=93902"}],"version-history":[{"count":1,"href":"https:\/\/portaltactica.com\/index.php?rest_route=\/wp\/v2\/posts\/93902\/revisions"}],"predecessor-version":[{"id":93904,"href":"https:\/\/portaltactica.com\/index.php?rest_route=\/wp\/v2\/posts\/93902\/revisions\/93904"}],"wp:featuredmedia":[{"embeddable":true,"href":"https:\/\/portaltactica.com\/index.php?rest_route=\/wp\/v2\/media\/93903"}],"wp:attachment":[{"href":"https:\/\/portaltactica.com\/index.php?rest_route=%2Fwp%2Fv2%2Fmedia&parent=93902"}],"wp:term":[{"taxonomy":"category","embeddable":true,"href":"https:\/\/portaltactica.com\/index.php?rest_route=%2Fwp%2Fv2%2Fcategories&post=93902"},{"taxonomy":"post_tag","embeddable":true,"href":"https:\/\/portaltactica.com\/index.php?rest_route=%2Fwp%2Fv2%2Ftags&post=93902"}],"curies":[{"name":"wp","href":"https:\/\/api.w.org\/{rel}","templated":true}]}}