{"id":93808,"date":"2025-04-17T09:09:50","date_gmt":"2025-04-17T16:09:50","guid":{"rendered":"https:\/\/portaltactica.com\/?p=93808"},"modified":"2025-04-17T09:09:54","modified_gmt":"2025-04-17T16:09:54","slug":"van-dijk-seguira-siendo-red-firmo-extension-por-dos-campanas-con-el-liverpool","status":"publish","type":"post","link":"https:\/\/portaltactica.com\/?p=93808","title":{"rendered":"Van Dijk seguir\u00e1 siendo \u2018red\u2019: firm\u00f3 extensi\u00f3n por dos campa\u00f1as con el Liverpool"},"content":{"rendered":"\n<p>El holand\u00e9s\u00a0<strong>Virgil Van Dijk\u00a0renov\u00f3 dos a\u00f1os su contrato con\u00a0Liverpool\u00a0<\/strong>hasta 2027.<\/p>\n\n\n\n<p>El central, que terminaba contrato en junio, se une a\u00a0<strong>Mohamed Salah\u00a0<\/strong>como los dos jugadores que extendieron su contrato en los \u00faltimos d\u00edas.<\/p>\n\n\n\n<p>Van Dijk, de 33 a\u00f1os, lleg\u00f3 al Liverpool en enero de 2018 procedente del Southampton, convirti\u00e9ndose entonces en\u00a0<strong>el defensor m\u00e1s caro de la historia (75 millones de libras\/85 millones de euros)<\/strong>, y ciment\u00f3 su legado en Anfield disputando 314 partidos y ganando todos los t\u00edtulos posibles, incluyendo una\u00a0<strong>Premier League<\/strong>\u00a0y una\u00a0<strong>UEFA Champions League<\/strong>.<\/p>\n\n\n\n<p>Adem\u00e1s, este fin de semana tiene la oportunidad de levantar su segunda Premier con los &#8216;Reds&#8217;.<\/p>\n\n\n\n<p>&#8220;Siempre ten\u00eda que ser el Liverpool. Es lo que ten\u00eda en la cabeza y ese era mi plan. No ten\u00eda ninguna duda de que este ten\u00eda que ser mi sitio y el de mi familia. Siento que soy de Liverpool. El otro d\u00eda me dijeron que era como un &#8216;scouser&#8217; adoptado y me siento muy orgulloso de escuchar esas cosas&#8221;, asegur\u00f3 Van Dijk.<\/p>\n\n\n\n<p>El holand\u00e9s no recibir\u00e1 ning\u00fan recorte salarial y seguir\u00e1 siendo el segundo jugador que m\u00e1s cobra del plantel, solo por detr\u00e1s de Salah.<\/p>\n\n\n\n<p>Con esta renovaci\u00f3n, ya solo queda dilucidar el futuro de uno de los tres pilares del Liverpool:&nbsp;<strong>Trent Alexander-Arnold, que tambi\u00e9n termina contrato en junio<\/strong>&nbsp;y cuya idea es marcharse al Real Madrid este verano.<\/p>\n<div class='share-to-whatsapp-wrapper'><div class='share-on-whsp'>Share on: <\/div><a data-text='Van Dijk seguir\u00e1 siendo \u2018red\u2019: firm\u00f3 extensi\u00f3n por dos campa\u00f1as con el Liverpool' data-link='https:\/\/portaltactica.com\/?p=93808' class='whatsapp-button whatsapp-share'>WhatsApp<\/a><div class='clear '><\/div><\/div>","protected":false},"excerpt":{"rendered":"<p>El holand\u00e9s\u00a0Virgil Van Dijk\u00a0renov\u00f3 dos a\u00f1os su contrato con\u00a0Liverpool\u00a0hasta 2027. El central, que terminaba contrato en junio, se une a\u00a0Mohamed Salah\u00a0como&hellip;<\/p>\n","protected":false},"author":2,"featured_media":93810,"comment_status":"closed","ping_status":"closed","sticky":false,"template":"","format":"standard","meta":{"advanced_seo_description":"","jetpack_seo_html_title":"","jetpack_seo_noindex":false,"_jetpack_memberships_contains_paid_content":false,"footnotes":"","jetpack_publicize_message":"","jetpack_publicize_feature_enabled":true,"jetpack_social_post_already_shared":false,"jetpack_social_options":{"image_generator_settings":{"template":"highway","default_image_id":0,"font":"","enabled":false},"version":2}},"categories":[1896],"tags":[],"class_list":["post-93808","post","type-post","status-publish","format-standard","has-post-thumbnail","hentry","category-destacado-portada"],"jetpack_publicize_connections":[],"jetpack_featured_media_url":"https:\/\/portaltactica.com\/wp-content\/uploads\/2025\/04\/1-9.jpg","jetpack_sharing_enabled":true,"_links":{"self":[{"href":"https:\/\/portaltactica.com\/index.php?rest_route=\/wp\/v2\/posts\/93808","targetHints":{"allow":["GET"]}}],"collection":[{"href":"https:\/\/portaltactica.com\/index.php?rest_route=\/wp\/v2\/posts"}],"about":[{"href":"https:\/\/portaltactica.com\/index.php?rest_route=\/wp\/v2\/types\/post"}],"author":[{"embeddable":true,"href":"https:\/\/portaltactica.com\/index.php?rest_route=\/wp\/v2\/users\/2"}],"replies":[{"embeddable":true,"href":"https:\/\/portaltactica.com\/index.php?rest_route=%2Fwp%2Fv2%2Fcomments&post=93808"}],"version-history":[{"count":2,"href":"https:\/\/portaltactica.com\/index.php?rest_route=\/wp\/v2\/posts\/93808\/revisions"}],"predecessor-version":[{"id":93811,"href":"https:\/\/portaltactica.com\/index.php?rest_route=\/wp\/v2\/posts\/93808\/revisions\/93811"}],"wp:featuredmedia":[{"embeddable":true,"href":"https:\/\/portaltactica.com\/index.php?rest_route=\/wp\/v2\/media\/93810"}],"wp:attachment":[{"href":"https:\/\/portaltactica.com\/index.php?rest_route=%2Fwp%2Fv2%2Fmedia&parent=93808"}],"wp:term":[{"taxonomy":"category","embeddable":true,"href":"https:\/\/portaltactica.com\/index.php?rest_route=%2Fwp%2Fv2%2Fcategories&post=93808"},{"taxonomy":"post_tag","embeddable":true,"href":"https:\/\/portaltactica.com\/index.php?rest_route=%2Fwp%2Fv2%2Ftags&post=93808"}],"curies":[{"name":"wp","href":"https:\/\/api.w.org\/{rel}","templated":true}]}}