{"id":93750,"date":"2025-04-15T09:05:48","date_gmt":"2025-04-15T16:05:48","guid":{"rendered":"https:\/\/portaltactica.com\/?p=93750"},"modified":"2025-04-15T09:05:50","modified_gmt":"2025-04-15T16:05:50","slug":"ramon-ramirez-senala-a-chivas-como-responsable-del-mal-momento-de-chicharito-hernandez","status":"publish","type":"post","link":"https:\/\/portaltactica.com\/?p=93750","title":{"rendered":"Ram\u00f3n Ram\u00edrez se\u00f1ala a Chivas como responsable del mal momento de &#8216;Chicharito&#8217; Hern\u00e1ndez"},"content":{"rendered":"\n<p>No todo es su culpa.\u00a0<strong>Ram\u00f3n Ram\u00edrez<\/strong>\u00a0es probablemente uno de los \u00faltimos grandes referentes que tiene la afici\u00f3n Rojiblanca en la era reciente de su equipo y se considera una voz autorizada cuando se trata de opinar sobre Chivas y en esta ocasi\u00f3n el Nayarita sali\u00f3 en defensa de\u00a0<strong>Javier Hern\u00e1ndez.<\/strong><\/p>\n\n\n\n<p>En entrevista para TUDN,\u00a0<strong>Ram\u00f3n Ram\u00edrez\u00a0<\/strong>habl\u00f3 sobre la triste actualidad que vive Chivas y que viene arrastrando en los \u00faltimos a\u00f1os, apuntando &#8216;<strong>Chicharito&#8217; es arrastrado por el mal momento de Guadalajara<\/strong>, pues arropado de un mejor equipo sus n\u00fameros ser\u00edan mucho mejores.<\/p>\n\n\n\n<p>&#8220;Todos quer\u00edamos verlo (Javier Hern\u00e1ndez) terminando bien su carrera, es un jugador exitoso, con todos los pergaminos y con muy buena actitud.&nbsp;<strong>Desafortunadamente est\u00e1 envuelto en esa dinamica de un equipo que gana poco<\/strong>&nbsp;que gana poco y le est\u00e1 sufriendo, entonces &#8216;Chicharito&#8217; pues tambi\u00e9n se arrastra en ese sentido&#8221;<\/p>\n\n\n\n<p>De igual forma,\u00a0<strong>Ram\u00f3n Ram\u00edrez<\/strong>\u00a0menciona que el mal momento que vive\u00a0<strong>Javier Hern\u00e1ndez\u00a0<\/strong>desde que lleg\u00f3 a Chivas no le quita nada de merito a la extraordinaria carrera que tuvo en M\u00e9xico y Europa, sin embargo, confiensa que s\u00ed le hubiese gustado verlo en un Guadalajara &#8216;ganador&#8217;.<\/p>\n\n\n\n<p>&#8220;Independientemente de lo que est\u00e9 pasando en Guadalajara y como termine su carrera,&nbsp;<strong>no le voy a quitar los m\u00e9ritos que tuvo,<\/strong>&nbsp;pero a m\u00ed me hubiera gustado verlo en estas Chivas ganadoras y propositivas, triunfando y logrando cosas importantes.&nbsp;<strong>No es v\u00edctima pero se va arrrastrando en esa inercia que tiene Guadalajara&#8221;<\/strong><\/p>\n\n\n\n<p><\/p>\n<div class='share-to-whatsapp-wrapper'><div class='share-on-whsp'>Share on: <\/div><a data-text='Ram\u00f3n Ram\u00edrez se\u00f1ala a Chivas como responsable del mal momento de 'Chicharito' Hern\u00e1ndez' data-link='https:\/\/portaltactica.com\/?p=93750' class='whatsapp-button whatsapp-share'>WhatsApp<\/a><div class='clear '><\/div><\/div>","protected":false},"excerpt":{"rendered":"<p>No todo es su culpa.\u00a0Ram\u00f3n Ram\u00edrez\u00a0es probablemente uno de los \u00faltimos grandes referentes que tiene la afici\u00f3n Rojiblanca en la era&hellip;<\/p>\n","protected":false},"author":2,"featured_media":93751,"comment_status":"closed","ping_status":"closed","sticky":false,"template":"","format":"standard","meta":{"advanced_seo_description":"","jetpack_seo_html_title":"","jetpack_seo_noindex":false,"_jetpack_memberships_contains_paid_content":false,"footnotes":"","jetpack_publicize_message":"","jetpack_publicize_feature_enabled":true,"jetpack_social_post_already_shared":false,"jetpack_social_options":{"image_generator_settings":{"template":"highway","default_image_id":0,"font":"","enabled":false},"version":2}},"categories":[1897],"tags":[],"class_list":["post-93750","post","type-post","status-publish","format-standard","has-post-thumbnail","hentry","category-destacado-nacional"],"jetpack_publicize_connections":[],"jetpack_featured_media_url":"https:\/\/portaltactica.com\/wp-content\/uploads\/2025\/04\/1-8.jpg","jetpack_sharing_enabled":true,"_links":{"self":[{"href":"https:\/\/portaltactica.com\/index.php?rest_route=\/wp\/v2\/posts\/93750","targetHints":{"allow":["GET"]}}],"collection":[{"href":"https:\/\/portaltactica.com\/index.php?rest_route=\/wp\/v2\/posts"}],"about":[{"href":"https:\/\/portaltactica.com\/index.php?rest_route=\/wp\/v2\/types\/post"}],"author":[{"embeddable":true,"href":"https:\/\/portaltactica.com\/index.php?rest_route=\/wp\/v2\/users\/2"}],"replies":[{"embeddable":true,"href":"https:\/\/portaltactica.com\/index.php?rest_route=%2Fwp%2Fv2%2Fcomments&post=93750"}],"version-history":[{"count":1,"href":"https:\/\/portaltactica.com\/index.php?rest_route=\/wp\/v2\/posts\/93750\/revisions"}],"predecessor-version":[{"id":93752,"href":"https:\/\/portaltactica.com\/index.php?rest_route=\/wp\/v2\/posts\/93750\/revisions\/93752"}],"wp:featuredmedia":[{"embeddable":true,"href":"https:\/\/portaltactica.com\/index.php?rest_route=\/wp\/v2\/media\/93751"}],"wp:attachment":[{"href":"https:\/\/portaltactica.com\/index.php?rest_route=%2Fwp%2Fv2%2Fmedia&parent=93750"}],"wp:term":[{"taxonomy":"category","embeddable":true,"href":"https:\/\/portaltactica.com\/index.php?rest_route=%2Fwp%2Fv2%2Fcategories&post=93750"},{"taxonomy":"post_tag","embeddable":true,"href":"https:\/\/portaltactica.com\/index.php?rest_route=%2Fwp%2Fv2%2Ftags&post=93750"}],"curies":[{"name":"wp","href":"https:\/\/api.w.org\/{rel}","templated":true}]}}