{"id":93745,"date":"2025-04-14T21:39:32","date_gmt":"2025-04-15T04:39:32","guid":{"rendered":"https:\/\/portaltactica.com\/?p=93745"},"modified":"2025-04-14T21:40:33","modified_gmt":"2025-04-15T04:40:33","slug":"la-seleccion-mazatlan-de-karate-se-prepara-para-la-accion","status":"publish","type":"post","link":"https:\/\/portaltactica.com\/?p=93745","title":{"rendered":"\u00a1La Selecci\u00f3n Mazatl\u00e1n de karate se prepara para la acci\u00f3n!"},"content":{"rendered":"\n<p>Veintid\u00f3s deportistas porte\u00f1os asisten a las evaluaciones y entrenamientos organizados por el Isde, previo a su participaci\u00f3n en el macro regional de la especialidad.<br><br><br>Mazatl\u00e1n, Sinaloa a 14 de abril de 2025.- Los karatecas mazatlecos que formar\u00e1n parte de la Selecci\u00f3n Sinaloa en el macro regional de la disciplina, participaron este fin de semana en la concentraci\u00f3n estatal, realizada en el Gimnasio Mar\u00eda del Rosario Espinoza, del Centro de Alto Rendimiento, de cara a buscar su pase a la Olimpiada Nacional 2025.<br><br>El viernes 11 de abril se realiz\u00f3 el entrenamiento t\u00e9cnico y las evaluaciones m\u00e9dicas, mientras que el s\u00e1bado tuvieron dos sesiones de entrenamiento pr\u00e1ctico, con el fin de participar en la siguiente etapa de las justas nacionales en \u00f3ptimas condiciones.<br><br>En la concentraci\u00f3n participaron 22 artemarcialistas porte\u00f1os, acompa\u00f1ados de los entrenadores, Gerardo Alexis Garc\u00eda L\u00f3pez, Alma Rosa Bautista V\u00e1zquez, Jes\u00fas Moreno Salas y Jes\u00fas Francisco Moreno Bautista, quienes destacaron la disciplina, disposici\u00f3n y trabajo en equipo de todos los participantes.<br><br>Cabe se\u00f1alar que la etapa macro regional de la Olimpiada Nacional de karate se realizar\u00e1 en el tatami del Gimnasio del Instituto Estatal de Cultura F\u00edsica y Deporte de la ciudad de Monterrey, Nuevo Le\u00f3n, del 24 al 27 de abril.<br><br>Los karatecas mazatlecos han recibido constante apoyo por parte del Gobierno de Mazatl\u00e1n, que dirige la Presidenta, Estrella Palacios, v\u00eda el Instituto Municipal del Deporte Mazatl\u00e1n, que dirige Fabiola Verde, con el fin de asegurar su adecuado desarrollo y competencia.<br><br>PARTICIPANTES DE LA CONCENTRACI\u00d3N <br><br>-Karatecas <br>Valeria Guadalupe Sep\u00falveda Ch\u00e1vez <br>Italia Aerlyn S\u00e1nchez Ram\u00edrez <br>Madellin Yamilet Aguirre Floriano<br>Ray de Lius Ram\u00edrez Ram\u00edrez <br>Jos\u00e9 Omar Roch\u00edn Tostado <br>Jes\u00fas Enrique Fausto S\u00e1nchez <br>Karol Nathali Silva Mart\u00ednez <br>Joselyn del Carmen Garc\u00eda Valles <br>Kevin Alfonso Soto Ascencio<br>Sophia Yaheli Serrano Jim\u00e9nez <br>Marco Alexander Ord\u00f3\u00f1ez Herrera <br>Mario Alberto Shinji P\u00e9rez Kasuga <br>Kaito Daniel Yoshii Mizukami <br>Isabella Carolina Quintero Liz\u00e1rraga <br>Luis Fernando Carre\u00f3n Valdez <br>David Antonio Ruiz N\u00fa\u00f1ez <br>Diana Fernanda Torres Liz\u00e1rraga <br>Andrea Regina Rosas Rodr\u00edguez <br>Francisco Yusef Enr\u00edquez Humbert<br>Johan Gabriel Gonz\u00e1lez Alvarado <br>Jos\u00e9 Arturo Reyes Morf\u00edn<br>Pablo Antonio Olivas Romero <br><br>-Entrenadores<br>Gerardo Alexis Garc\u00eda L\u00f3pez <br>Alma Rosa Bautista V\u00e1zquez <br>Jes\u00fas Moreno Salas <br>Jes\u00fas Francisco Moreno Bautista<\/p>\n<div class='share-to-whatsapp-wrapper'><div class='share-on-whsp'>Share on: <\/div><a data-text='\u00a1La Selecci\u00f3n Mazatl\u00e1n de karate se prepara para la acci\u00f3n!' data-link='https:\/\/portaltactica.com\/?p=93745' class='whatsapp-button whatsapp-share'>WhatsApp<\/a><div class='clear '><\/div><\/div>","protected":false},"excerpt":{"rendered":"<p>Veintid\u00f3s deportistas porte\u00f1os asisten a las evaluaciones y entrenamientos organizados por el Isde, previo a su participaci\u00f3n en el macro regional&hellip;<\/p>\n","protected":false},"author":1,"featured_media":93744,"comment_status":"closed","ping_status":"","sticky":false,"template":"","format":"standard","meta":{"advanced_seo_description":"","jetpack_seo_html_title":"","jetpack_seo_noindex":false,"_jetpack_memberships_contains_paid_content":false,"footnotes":"","jetpack_publicize_message":"","jetpack_publicize_feature_enabled":true,"jetpack_social_post_already_shared":false,"jetpack_social_options":{"image_generator_settings":{"template":"highway","default_image_id":0,"font":"","enabled":false},"version":2}},"categories":[1899],"tags":[37],"class_list":["post-93745","post","type-post","status-publish","format-standard","has-post-thumbnail","hentry","category-destacado-mazatlan","tag-imdem"],"jetpack_publicize_connections":[],"jetpack_featured_media_url":"https:\/\/portaltactica.com\/wp-content\/uploads\/2025\/04\/IMG-20250414-WA0118.jpg","jetpack_sharing_enabled":true,"_links":{"self":[{"href":"https:\/\/portaltactica.com\/index.php?rest_route=\/wp\/v2\/posts\/93745","targetHints":{"allow":["GET"]}}],"collection":[{"href":"https:\/\/portaltactica.com\/index.php?rest_route=\/wp\/v2\/posts"}],"about":[{"href":"https:\/\/portaltactica.com\/index.php?rest_route=\/wp\/v2\/types\/post"}],"author":[{"embeddable":true,"href":"https:\/\/portaltactica.com\/index.php?rest_route=\/wp\/v2\/users\/1"}],"replies":[{"embeddable":true,"href":"https:\/\/portaltactica.com\/index.php?rest_route=%2Fwp%2Fv2%2Fcomments&post=93745"}],"version-history":[{"count":1,"href":"https:\/\/portaltactica.com\/index.php?rest_route=\/wp\/v2\/posts\/93745\/revisions"}],"predecessor-version":[{"id":93746,"href":"https:\/\/portaltactica.com\/index.php?rest_route=\/wp\/v2\/posts\/93745\/revisions\/93746"}],"wp:featuredmedia":[{"embeddable":true,"href":"https:\/\/portaltactica.com\/index.php?rest_route=\/wp\/v2\/media\/93744"}],"wp:attachment":[{"href":"https:\/\/portaltactica.com\/index.php?rest_route=%2Fwp%2Fv2%2Fmedia&parent=93745"}],"wp:term":[{"taxonomy":"category","embeddable":true,"href":"https:\/\/portaltactica.com\/index.php?rest_route=%2Fwp%2Fv2%2Fcategories&post=93745"},{"taxonomy":"post_tag","embeddable":true,"href":"https:\/\/portaltactica.com\/index.php?rest_route=%2Fwp%2Fv2%2Ftags&post=93745"}],"curies":[{"name":"wp","href":"https:\/\/api.w.org\/{rel}","templated":true}]}}