{"id":93673,"date":"2025-04-12T10:41:31","date_gmt":"2025-04-12T17:41:31","guid":{"rendered":"https:\/\/portaltactica.com\/?p=93673"},"modified":"2025-04-12T10:41:34","modified_gmt":"2025-04-12T17:41:34","slug":"real-madrid-evalua-la-salida-de-dos-jugadores-al-termino-de-la-temporada","status":"publish","type":"post","link":"https:\/\/portaltactica.com\/?p=93673","title":{"rendered":"Real Madrid eval\u00faa la salida de dos jugadores al t\u00e9rmino de la temporada"},"content":{"rendered":"\n<p>Cambios en la casa blanca. La \u00faltima goleada ante\u00a0<strong>Arsenal<\/strong>\u00a0en la\u00a0<strong>Champions League<\/strong>\u00a0pone ya a pensar a la directiva Merengue en la pr\u00f3xima temporada, es por eso que dentro del\u00a0<strong>Real Madrid\u00a0<\/strong>ya se plantean tener dos bajas importantes en verano.<\/p>\n\n\n\n<p>De acuerdo a informaci\u00f3n desde Espa\u00f1a revelada por As, dos jugadores de peso en el vestidor del\u00a0<strong>Real Madrid<\/strong>\u00a0terminan contrato al finalizar este torneo y la directiva Merengue no tienen demasiadas intenciones una renovaci\u00f3n, por lo que tanto\u00a0<strong>Luka Modric<\/strong>\u00a0como\u00a0<strong>Lucas V\u00e1zque<\/strong>z, tienen un pie fuera del equipo.<\/p>\n\n\n\n<h2 class=\"wp-block-heading\"><br>Luka Modric quiere quedarse, Real Madrid tiene dudas de su continuidad<\/h2>\n\n\n\n<p>El mediocampista croata de 39 a\u00f1os de edad tiene la intenci\u00f3n de firmar un a\u00f1o m\u00e1s con el Real Madrid tal y como sucedi\u00f3 el verano pasado, sin embargo, dentro del club no est\u00e1n seguros de querer mantener en el equipo un a\u00f1o m\u00e1s a<strong>\u00a0Luka Modric<\/strong>, por lo que los informes mencionan que el \u201810\u2019 Merengue tiene un pie fuera de la instituci\u00f3n<\/p>\n\n\n\n<h2 class=\"wp-block-heading\">Lucas V\u00e1zquez apunta a salir del Real Madrid en verano<\/h2>\n\n\n\n<p>La situaci\u00f3n de\u00a0<strong>Lucas<\/strong>\u00a0es muy similar, el jugador espa\u00f1ol tiene el deseo de permanecer en el club, pero al d\u00eda de hoy no hay una oferta de renovaci\u00f3n por parte del\u00a0<strong>Real Madrid<\/strong>, por lo que uno de los jugadores con m\u00e1s tiempo en la plantilla y de los m\u00e1s criticados en la presente temporada, apunta a salir.<\/p>\n\n\n\n<h2 class=\"wp-block-heading\">David Alaba en la cuerda floja, R\u00fcdiger apunta a quedarse&nbsp;<\/h2>\n\n\n\n<p>En la defensa tambi\u00e9n apunta a que habr\u00e1 cambios, pero no necesariamente este verano.\u00a0<strong>David Alaba<\/strong>\u00a0termina contrato en 2026 y luego de un importante historial de lesiones que lo han marginado en el \u00faltimo a\u00f1o, Real Madrid parece que no plantea renovar su contrato, caso contrario a\u00a0<strong>R\u00fcdiger<\/strong>, quien con 32 a\u00f1os de edad apunta a extender su relaci\u00f3n con el club.<\/p>\n<div class='share-to-whatsapp-wrapper'><div class='share-on-whsp'>Share on: <\/div><a data-text='Real Madrid eval\u00faa la salida de dos jugadores al t\u00e9rmino de la temporada' data-link='https:\/\/portaltactica.com\/?p=93673' class='whatsapp-button whatsapp-share'>WhatsApp<\/a><div class='clear '><\/div><\/div>","protected":false},"excerpt":{"rendered":"<p>Cambios en la casa blanca. La \u00faltima goleada ante\u00a0Arsenal\u00a0en la\u00a0Champions League\u00a0pone ya a pensar a la directiva Merengue en la pr\u00f3xima&hellip;<\/p>\n","protected":false},"author":2,"featured_media":93674,"comment_status":"closed","ping_status":"closed","sticky":false,"template":"","format":"standard","meta":{"advanced_seo_description":"","jetpack_seo_html_title":"","jetpack_seo_noindex":false,"_jetpack_memberships_contains_paid_content":false,"footnotes":"","jetpack_publicize_message":"","jetpack_publicize_feature_enabled":true,"jetpack_social_post_already_shared":false,"jetpack_social_options":{"image_generator_settings":{"template":"highway","default_image_id":0,"font":"","enabled":false},"version":2}},"categories":[1898],"tags":[],"class_list":["post-93673","post","type-post","status-publish","format-standard","has-post-thumbnail","hentry","category-destacado-internacional"],"jetpack_publicize_connections":[],"jetpack_featured_media_url":"https:\/\/portaltactica.com\/wp-content\/uploads\/2025\/04\/2-6.jpg","jetpack_sharing_enabled":true,"_links":{"self":[{"href":"https:\/\/portaltactica.com\/index.php?rest_route=\/wp\/v2\/posts\/93673","targetHints":{"allow":["GET"]}}],"collection":[{"href":"https:\/\/portaltactica.com\/index.php?rest_route=\/wp\/v2\/posts"}],"about":[{"href":"https:\/\/portaltactica.com\/index.php?rest_route=\/wp\/v2\/types\/post"}],"author":[{"embeddable":true,"href":"https:\/\/portaltactica.com\/index.php?rest_route=\/wp\/v2\/users\/2"}],"replies":[{"embeddable":true,"href":"https:\/\/portaltactica.com\/index.php?rest_route=%2Fwp%2Fv2%2Fcomments&post=93673"}],"version-history":[{"count":1,"href":"https:\/\/portaltactica.com\/index.php?rest_route=\/wp\/v2\/posts\/93673\/revisions"}],"predecessor-version":[{"id":93675,"href":"https:\/\/portaltactica.com\/index.php?rest_route=\/wp\/v2\/posts\/93673\/revisions\/93675"}],"wp:featuredmedia":[{"embeddable":true,"href":"https:\/\/portaltactica.com\/index.php?rest_route=\/wp\/v2\/media\/93674"}],"wp:attachment":[{"href":"https:\/\/portaltactica.com\/index.php?rest_route=%2Fwp%2Fv2%2Fmedia&parent=93673"}],"wp:term":[{"taxonomy":"category","embeddable":true,"href":"https:\/\/portaltactica.com\/index.php?rest_route=%2Fwp%2Fv2%2Fcategories&post=93673"},{"taxonomy":"post_tag","embeddable":true,"href":"https:\/\/portaltactica.com\/index.php?rest_route=%2Fwp%2Fv2%2Ftags&post=93673"}],"curies":[{"name":"wp","href":"https:\/\/api.w.org\/{rel}","templated":true}]}}