{"id":93653,"date":"2025-04-11T17:34:07","date_gmt":"2025-04-12T00:34:07","guid":{"rendered":"https:\/\/portaltactica.com\/?p=93653"},"modified":"2025-04-14T10:22:03","modified_gmt":"2025-04-14T17:22:03","slug":"la-emocion-de-correr-la-run-imdem-powerade-llega-el-17-de-mayo","status":"publish","type":"post","link":"https:\/\/portaltactica.com\/?p=93653","title":{"rendered":"\u00a1La emoci\u00f3n de correr la Run Imdem Powerade llega el 17 de mayo!"},"content":{"rendered":"\n<p>Celebrando 11 a\u00f1os de hacer deporte y comunidad, con el apoyo del Gobierno de Mazatl\u00e1n, el Instituto Municipal del Deporte llevar\u00e1 a cabo la pedestre que combina deporte y recreaci\u00f3n en distancias de 3, 5 y 10 kil\u00f3metros, con una bolsa a repartir de m\u00e1s de 130 mil pesos.<\/p>\n\n\n\n<p>Mazatl\u00e1n, Sinaloa a 11 de abril de 2025.- El pr\u00f3ximo 17 de mayo el hermoso Pac\u00edfico Mexicano ser\u00e1 escenario de la Primera Edici\u00f3n de la Carrera Run Imdem Powerade, organizada para celebrar el onceavo aniversario del Instituto Municipal del Deporte Mazatl\u00e1n.<\/p>\n\n\n\n<p>El evento que combinar\u00e1 deporte y recreaci\u00f3n en las distancias de 3, 5 y 10 kil\u00f3metros, cuenta con el respaldo del Gobierno de Mazatl\u00e1n que encabeza la Presidenta, Estrella Palacios, y el aval de la Federaci\u00f3n Mexicana de Asociaciones De Atletismo, que preside Antonio Lozano.<\/p>\n\n\n\n<p>&#8220;Queremos celebrar nuestros 11 a\u00f1os con una gran carrera, es un Instituto que a lo mejor es corta su historia, pero ha sido muy importante para el puerto de Mazatl\u00e1n. En todas sus administraciones ha ayudado a construir, en nuestra sociedad, un mayor bienestar a trav\u00e9s de la activaci\u00f3n f\u00edsica&#8221;, expres\u00f3 Fabiola Verde, directora del Imdem.<\/p>\n\n\n\n<p>La primera edici\u00f3n de la pedestre que ser\u00e1 cronometrada en el 5 KM y el 10 KM, se correr\u00e1 a partir de las 18:00 horas, para disfrutar uno de los bellos atardeceres que a diario regala la &#8220;Perla del Pac\u00edfico&#8221;.<\/p>\n\n\n\n<p>Adem\u00e1s de la inclusi\u00f3n y la diversidad de las m\u00e1s de 60 disciplinas que se practican en Mazatl\u00e1n, la carrera tendr\u00e1 como aliciente una bolsa econ\u00f3mica superior a los 130 mil pesos, a repartir en ambas ramas entre los primeros lugares de las categor\u00edas Libre (abierta a cualquier edad), Sub M\u00e1ster (30 a 39 A\u00f1os), M\u00e1ster (40 a 49 A\u00f1os), Veteranos (50 A\u00f1os en adelante) e Inclusiva (abierta a cualquier edad) de los 5KM, as\u00ed como en las Libre, Sub M\u00e1ster, M\u00e1ster y Veteranos de la 10KM.<\/p>\n\n\n\n<p>&#8220;Hoy el orgullo de Mazatl\u00e1n se va a reflejar en el atletismo, es una carta que le manda a la sociedad un mensaje: estamos conscientes de que la \u00fanica forma de cambiar al pa\u00eds es con deporte. Este evento, con el que Imdem va a celebrar los 11 a\u00f1os se va a quedar para la historia&#8221;, expres\u00f3 Lozano Pineda.<\/p>\n\n\n\n<p>El arco de salida y meta de la carrera estar\u00e1 ubicado frente al Escudo de Sinaloa, ubicado en Paseo Olas Altas.<\/p>\n\n\n\n<p>Transmisi\u00f3n en vivo<\/p>\n\n\n\n<p>Como parte de los servicios que ofrecer\u00e1 la Run Imdem Powerade estar\u00e1 una transmisi\u00f3n en vivo, para que los familiares y amigos de los corredores puedan seguir su trayectoria paso a paso.<\/p>\n\n\n\n<p>Inscripciones<\/p>\n\n\n\n<p>Los registros para la carrera, estar\u00e1n abiertos a partir del lunes 14 de abril del 2025, cerr\u00e1ndose el lunes 12 de mayo del presente a\u00f1o.<\/p>\n\n\n\n<p>El registro de participaci\u00f3n, con un valor de 150 pesos (3 kil\u00f3metros) y de 200 pesos (5 y 10 kil\u00f3metros) con credencial Imdem, y de 350 pesos al p\u00fablico en general, se deber\u00e1 hacer en el m\u00f3dulo de credenciales (oficinas del IMDEM), de 9:00 a 19:30 horas, en caso de ser pago con tarjeta, d\u00e9bito o cr\u00e9dito.<\/p>\n\n\n\n<p>Kit de competidor<\/p>\n\n\n\n<p>Los organizadores de la pedestre anunciaron que el kit para los competidores incluir\u00e1 n\u00famero oficial, camiseta y medalla conmemorativa de la carrera, chip, para las distancias competitivas, y regalos de los patrocinadores.<br>&nbsp;<br>Entre los invitados a la presentaci\u00f3n de la Run Imdem estuvieron, Blanca Nereida Alvarado Garc\u00eda, coordinadora de la Zona Sur del Instituto Sinaloense de Cultura F\u00edsica y el Deporte, en representaci\u00f3n del director general del Isde, Julio C\u00e9sar Cascajares; Melesio Angulo, presidente de la Asociaci\u00f3n de Atletismo de Sinaloa; Paulo C\u00e9sar Soto, gerente de Arca Continental; Guadalupe L\u00f3pez, presidente del Comit\u00e9 Municipal de Atletismo de Mazatl\u00e1n; as\u00ed como los medallistas de la Olimpiada Nacional, Jennifer Valeria Tirado Chavar\u00edn y Ricardo Rubio F\u00e9lix, adem\u00e1s de su entrenador, Juan Manuel Viera Campos.<\/p>\n<div class='share-to-whatsapp-wrapper'><div class='share-on-whsp'>Share on: <\/div><a data-text='\u00a1La emoci\u00f3n de correr la Run Imdem Powerade llega el 17 de mayo!' data-link='https:\/\/portaltactica.com\/?p=93653' class='whatsapp-button whatsapp-share'>WhatsApp<\/a><div class='clear '><\/div><\/div>","protected":false},"excerpt":{"rendered":"<p>Celebrando 11 a\u00f1os de hacer deporte y comunidad, con el apoyo del Gobierno de Mazatl\u00e1n, el Instituto Municipal del Deporte llevar\u00e1&hellip;<\/p>\n","protected":false},"author":1,"featured_media":93652,"comment_status":"closed","ping_status":"","sticky":false,"template":"","format":"standard","meta":{"advanced_seo_description":"","jetpack_seo_html_title":"","jetpack_seo_noindex":false,"_jetpack_memberships_contains_paid_content":false,"footnotes":"","jetpack_publicize_message":"","jetpack_publicize_feature_enabled":true,"jetpack_social_post_already_shared":false,"jetpack_social_options":{"image_generator_settings":{"template":"highway","default_image_id":0,"font":"","enabled":false},"version":2}},"categories":[1899],"tags":[37],"class_list":["post-93653","post","type-post","status-publish","format-standard","has-post-thumbnail","hentry","category-destacado-mazatlan","tag-imdem"],"jetpack_publicize_connections":[],"jetpack_featured_media_url":"https:\/\/portaltactica.com\/wp-content\/uploads\/2025\/04\/e0c73d37-a94f-4f04-844a-d777e901c74e-1.jpg","jetpack_sharing_enabled":true,"_links":{"self":[{"href":"https:\/\/portaltactica.com\/index.php?rest_route=\/wp\/v2\/posts\/93653","targetHints":{"allow":["GET"]}}],"collection":[{"href":"https:\/\/portaltactica.com\/index.php?rest_route=\/wp\/v2\/posts"}],"about":[{"href":"https:\/\/portaltactica.com\/index.php?rest_route=\/wp\/v2\/types\/post"}],"author":[{"embeddable":true,"href":"https:\/\/portaltactica.com\/index.php?rest_route=\/wp\/v2\/users\/1"}],"replies":[{"embeddable":true,"href":"https:\/\/portaltactica.com\/index.php?rest_route=%2Fwp%2Fv2%2Fcomments&post=93653"}],"version-history":[{"count":1,"href":"https:\/\/portaltactica.com\/index.php?rest_route=\/wp\/v2\/posts\/93653\/revisions"}],"predecessor-version":[{"id":93654,"href":"https:\/\/portaltactica.com\/index.php?rest_route=\/wp\/v2\/posts\/93653\/revisions\/93654"}],"wp:featuredmedia":[{"embeddable":true,"href":"https:\/\/portaltactica.com\/index.php?rest_route=\/wp\/v2\/media\/93652"}],"wp:attachment":[{"href":"https:\/\/portaltactica.com\/index.php?rest_route=%2Fwp%2Fv2%2Fmedia&parent=93653"}],"wp:term":[{"taxonomy":"category","embeddable":true,"href":"https:\/\/portaltactica.com\/index.php?rest_route=%2Fwp%2Fv2%2Fcategories&post=93653"},{"taxonomy":"post_tag","embeddable":true,"href":"https:\/\/portaltactica.com\/index.php?rest_route=%2Fwp%2Fv2%2Ftags&post=93653"}],"curies":[{"name":"wp","href":"https:\/\/api.w.org\/{rel}","templated":true}]}}