{"id":93539,"date":"2025-04-08T12:54:22","date_gmt":"2025-04-08T19:54:22","guid":{"rendered":"https:\/\/portaltactica.com\/?p=93539"},"modified":"2025-04-08T12:54:25","modified_gmt":"2025-04-08T19:54:25","slug":"discusion-con-el-dt-santiago-gimenez-habria-tenido-un-roce-previo-al-juego-ante-el-inter","status":"publish","type":"post","link":"https:\/\/portaltactica.com\/?p=93539","title":{"rendered":"\u00bfDiscusi\u00f3n con el DT? Santiago Gim\u00e9nez habr\u00eda tenido un roce previo al juego ante el Inter"},"content":{"rendered":"\n<p>La relaci\u00f3n de Santiago Gimenez con S\u00e9rgio Concei\u00e7\u00e3o en Milan\u00a0a pesar de que previamente le defendi\u00f3, ahora no parece ser tan buena como se esperaba al revelarse un altercado entre ellos.<\/p>\n\n\n\n<p>De acuerdo a informaci\u00f3n de&nbsp;<em>Calciomercato<\/em>, hubo un cruce de palabras entre el delantero mexicano y el t\u00e9cnico portugu\u00e9s previo a la Semifinal de Ida de la&nbsp;<strong>Coppa Italia&nbsp;<\/strong>el pasado 2 de abril.<\/p>\n\n\n\n<p>Esto pudo generar que&nbsp;<em>Bebote<\/em>&nbsp;fuera suplente en los \u00faltimos compromisos del Milan, al grado de perder la titularidad y de tener apenas&nbsp;<strong>74 minutos en cancha<\/strong>, mucha diferencia de jugar casi todo los partidos y todos los minutos.<\/p>\n\n\n\n<p>El portal ha destacado su nota como &#8221;&nbsp;<strong>Malentendidos con Concei\u00e7\u00e3o<\/strong>&#8220;, sin embargo no se ha pronunciado nadie al respecto en el cuadro rossonero sobre este tema en horas anteriores.<\/p>\n\n\n\n<p>Cabe recordar que\u00a0Jorge S\u00e1nchez revel\u00f3 su mala relaci\u00f3n con Concei\u00e7\u00e3o en el Porto, al asegurar que hubo malos tratos en ciertos momentos de su estad\u00eda en Portugal.<\/p>\n\n\n\n<h2 class=\"wp-block-heading\">\u00bfGRAVE LESI\u00d3N DE SANTI GIMENEZ?<\/h2>\n\n\n\n<p><br>Santiago Gimenez abandon\u00f3 el \u00faltimo partido del Milan ante Fiorentina por lesi\u00f3n, esto despu\u00e9s de un choque con\u00a0<strong>David de Gea<\/strong>\u00a0que dej\u00f3 al mexicano imposibilitado de continuar, a pesar de que hab\u00eda entrado de cambio.<\/p>\n\n\n\n<p>De acuerdo a reportes, al delantero se le hicieron los estudios m\u00e9dicos donde no se vio ninguna lesi\u00f3n, pero ser\u00e1 llevado d\u00eda a d\u00eda al todav\u00eda sentir dolor.<\/p>\n<div class='share-to-whatsapp-wrapper'><div class='share-on-whsp'>Share on: <\/div><a data-text='\u00bfDiscusi\u00f3n con el DT? Santiago Gim\u00e9nez habr\u00eda tenido un roce previo al juego ante el Inter' data-link='https:\/\/portaltactica.com\/?p=93539' class='whatsapp-button whatsapp-share'>WhatsApp<\/a><div class='clear '><\/div><\/div>","protected":false},"excerpt":{"rendered":"<p>La relaci\u00f3n de Santiago Gimenez con S\u00e9rgio Concei\u00e7\u00e3o en Milan\u00a0a pesar de que previamente le defendi\u00f3, ahora no parece ser tan&hellip;<\/p>\n","protected":false},"author":2,"featured_media":93540,"comment_status":"closed","ping_status":"closed","sticky":false,"template":"","format":"standard","meta":{"advanced_seo_description":"","jetpack_seo_html_title":"","jetpack_seo_noindex":false,"_jetpack_memberships_contains_paid_content":false,"footnotes":"","jetpack_publicize_message":"","jetpack_publicize_feature_enabled":true,"jetpack_social_post_already_shared":false,"jetpack_social_options":{"image_generator_settings":{"template":"highway","default_image_id":0,"font":"","enabled":false},"version":2}},"categories":[1898],"tags":[],"class_list":["post-93539","post","type-post","status-publish","format-standard","has-post-thumbnail","hentry","category-destacado-internacional"],"jetpack_publicize_connections":[],"jetpack_featured_media_url":"https:\/\/portaltactica.com\/wp-content\/uploads\/2025\/04\/4-2.png","jetpack_sharing_enabled":true,"_links":{"self":[{"href":"https:\/\/portaltactica.com\/index.php?rest_route=\/wp\/v2\/posts\/93539","targetHints":{"allow":["GET"]}}],"collection":[{"href":"https:\/\/portaltactica.com\/index.php?rest_route=\/wp\/v2\/posts"}],"about":[{"href":"https:\/\/portaltactica.com\/index.php?rest_route=\/wp\/v2\/types\/post"}],"author":[{"embeddable":true,"href":"https:\/\/portaltactica.com\/index.php?rest_route=\/wp\/v2\/users\/2"}],"replies":[{"embeddable":true,"href":"https:\/\/portaltactica.com\/index.php?rest_route=%2Fwp%2Fv2%2Fcomments&post=93539"}],"version-history":[{"count":1,"href":"https:\/\/portaltactica.com\/index.php?rest_route=\/wp\/v2\/posts\/93539\/revisions"}],"predecessor-version":[{"id":93541,"href":"https:\/\/portaltactica.com\/index.php?rest_route=\/wp\/v2\/posts\/93539\/revisions\/93541"}],"wp:featuredmedia":[{"embeddable":true,"href":"https:\/\/portaltactica.com\/index.php?rest_route=\/wp\/v2\/media\/93540"}],"wp:attachment":[{"href":"https:\/\/portaltactica.com\/index.php?rest_route=%2Fwp%2Fv2%2Fmedia&parent=93539"}],"wp:term":[{"taxonomy":"category","embeddable":true,"href":"https:\/\/portaltactica.com\/index.php?rest_route=%2Fwp%2Fv2%2Fcategories&post=93539"},{"taxonomy":"post_tag","embeddable":true,"href":"https:\/\/portaltactica.com\/index.php?rest_route=%2Fwp%2Fv2%2Ftags&post=93539"}],"curies":[{"name":"wp","href":"https:\/\/api.w.org\/{rel}","templated":true}]}}