{"id":93457,"date":"2025-04-05T12:44:14","date_gmt":"2025-04-05T19:44:14","guid":{"rendered":"https:\/\/portaltactica.com\/?p=93457"},"modified":"2025-04-05T12:44:17","modified_gmt":"2025-04-05T19:44:17","slug":"adios-al-idolo-thomas-muller-saldra-del-bayern-munich-al-final-de-temporada","status":"publish","type":"post","link":"https:\/\/portaltactica.com\/?p=93457","title":{"rendered":"\u00a1Adi\u00f3s al \u00eddolo! Thomas M\u00fcller saldr\u00e1 del Bayern Munich al final de temporada"},"content":{"rendered":"\n<p><strong>Thomas Muller<\/strong>\u00a0abandonar\u00e1 el\u00a0<strong>Bayern de M\u00fanich<\/strong>\u00a0este verano\u00a0<strong>tras 25 a\u00f1os<\/strong>\u00a0en el club alem\u00e1n.<\/p>\n\n\n\n<p>En un comunicado conjunto con el Bayern,&nbsp;<strong>Muller, de 35 a\u00f1os<\/strong>, anunci\u00f3 el s\u00e1bado que su&nbsp;<strong>\u201cincre\u00edble viaje<\/strong>\u201d con el club de su infancia&nbsp;<strong>terminar\u00e1 en julio.<\/strong><\/p>\n\n\n\n<p>El contrato del centrocampista expirar\u00e1 al final de esta temporada, en la que ha tenido una participaci\u00f3n limitada.<\/p>\n\n\n\n<p>\u201cEst\u00e1 claro que hoy no es un d\u00eda cualquiera para m\u00ed.&nbsp;<strong>Mis 25 a\u00f1os como jugador del FC Bayern de M\u00fanich llegar\u00e1n a su fin<\/strong>&nbsp;en el verano. Ha sido un viaje incre\u00edble, marcado por experiencias \u00fanicas, grandes encuentros y triunfos inolvidables&#8221;, declar\u00f3 el futbolista.<\/p>\n\n\n\n<p><strong>\u201cSiento una inmensa gratitud y alegr\u00eda por haber podido hacer esta carrera con mi querido club.&nbsp;<\/strong>La conexi\u00f3n especial con el club y nuestra fant\u00e1stica afici\u00f3n siempre permanecer\u00e1. Lo que quiero como despedida deber\u00eda estar claro: t\u00edtulos que podamos celebrar juntos y momentos que recordaremos con cari\u00f1o durante mucho tiempo\u201d, agreg\u00f3.<\/p>\n\n\n\n<p><strong>Muller ha ayudado al Bayern a ganar 33 trofeos<\/strong>&nbsp;desde que se uni\u00f3 a sus categor\u00edas inferiores con apenas 10 a\u00f1os en el verano de 2000. Ha batido el r\u00e9cord de partidos disputados con el equipo con 743.<\/p>\n\n\n\n<p>El club dijo que el&nbsp;<strong>\u00faltimo partido del jugador con el Bayern ser\u00e1 en la Copa Mundial de Clubes de la FIFA&nbsp;<\/strong>que se disputar\u00e1 en Estados Unidos en junio y julio.<\/p>\n\n\n\n<p>\u201c<strong>Thomas Muller es la definici\u00f3n de una carrera de cuento de hadas b\u00e1vara<\/strong>; creci\u00f3 en Baviera y con el Bayern&#8221;, afirm\u00f3 el presidente del club, Herbert Hainer. &#8220;Nadie ha ganado m\u00e1s t\u00edtulos de la Bundesliga, y 33 trofeos en total hasta ahora dicen mucho. Se encuentra entre las personalidades m\u00e1s destacadas de la historia del FC Bayern\u201d.<\/p>\n\n\n\n<p><\/p>\n<div class='share-to-whatsapp-wrapper'><div class='share-on-whsp'>Share on: <\/div><a data-text='\u00a1Adi\u00f3s al \u00eddolo! Thomas M\u00fcller saldr\u00e1 del Bayern Munich al final de temporada' data-link='https:\/\/portaltactica.com\/?p=93457' class='whatsapp-button whatsapp-share'>WhatsApp<\/a><div class='clear '><\/div><\/div>","protected":false},"excerpt":{"rendered":"<p>Thomas Muller\u00a0abandonar\u00e1 el\u00a0Bayern de M\u00fanich\u00a0este verano\u00a0tras 25 a\u00f1os\u00a0en el club alem\u00e1n. En un comunicado conjunto con el Bayern,&nbsp;Muller, de 35 a\u00f1os,&hellip;<\/p>\n","protected":false},"author":2,"featured_media":93458,"comment_status":"closed","ping_status":"closed","sticky":false,"template":"","format":"standard","meta":{"advanced_seo_description":"","jetpack_seo_html_title":"","jetpack_seo_noindex":false,"_jetpack_memberships_contains_paid_content":false,"footnotes":"","jetpack_publicize_message":"","jetpack_publicize_feature_enabled":true,"jetpack_social_post_already_shared":false,"jetpack_social_options":{"image_generator_settings":{"template":"highway","default_image_id":0,"font":"","enabled":false},"version":2}},"categories":[1898],"tags":[],"class_list":["post-93457","post","type-post","status-publish","format-standard","has-post-thumbnail","hentry","category-destacado-internacional"],"jetpack_publicize_connections":[],"jetpack_featured_media_url":"https:\/\/portaltactica.com\/wp-content\/uploads\/2025\/04\/7-4.jpg","jetpack_sharing_enabled":true,"_links":{"self":[{"href":"https:\/\/portaltactica.com\/index.php?rest_route=\/wp\/v2\/posts\/93457","targetHints":{"allow":["GET"]}}],"collection":[{"href":"https:\/\/portaltactica.com\/index.php?rest_route=\/wp\/v2\/posts"}],"about":[{"href":"https:\/\/portaltactica.com\/index.php?rest_route=\/wp\/v2\/types\/post"}],"author":[{"embeddable":true,"href":"https:\/\/portaltactica.com\/index.php?rest_route=\/wp\/v2\/users\/2"}],"replies":[{"embeddable":true,"href":"https:\/\/portaltactica.com\/index.php?rest_route=%2Fwp%2Fv2%2Fcomments&post=93457"}],"version-history":[{"count":1,"href":"https:\/\/portaltactica.com\/index.php?rest_route=\/wp\/v2\/posts\/93457\/revisions"}],"predecessor-version":[{"id":93459,"href":"https:\/\/portaltactica.com\/index.php?rest_route=\/wp\/v2\/posts\/93457\/revisions\/93459"}],"wp:featuredmedia":[{"embeddable":true,"href":"https:\/\/portaltactica.com\/index.php?rest_route=\/wp\/v2\/media\/93458"}],"wp:attachment":[{"href":"https:\/\/portaltactica.com\/index.php?rest_route=%2Fwp%2Fv2%2Fmedia&parent=93457"}],"wp:term":[{"taxonomy":"category","embeddable":true,"href":"https:\/\/portaltactica.com\/index.php?rest_route=%2Fwp%2Fv2%2Fcategories&post=93457"},{"taxonomy":"post_tag","embeddable":true,"href":"https:\/\/portaltactica.com\/index.php?rest_route=%2Fwp%2Fv2%2Ftags&post=93457"}],"curies":[{"name":"wp","href":"https:\/\/api.w.org\/{rel}","templated":true}]}}