{"id":93439,"date":"2025-04-05T08:55:59","date_gmt":"2025-04-05T15:55:59","guid":{"rendered":"https:\/\/portaltactica.com\/?p=93439"},"modified":"2025-04-05T08:56:00","modified_gmt":"2025-04-05T15:56:00","slug":"rayados-viaja-sin-canales-ni-tecatito-para-el-duelo-frente-a-chivas","status":"publish","type":"post","link":"https:\/\/portaltactica.com\/?p=93439","title":{"rendered":"Rayados viaja sin Canales ni Tecatito para el duelo frente a Chivas"},"content":{"rendered":"\n<p>El mediocampista espa\u00f1ol de Rayados de Monterrey,\u00a0Sergio Canales, no concentrar\u00e1 con el equipo y pr\u00e1cticamente estar\u00eda descartado para enfrentar a Chivas.<\/p>\n\n\n\n<p>Una fuente inform\u00f3 a\u00a0<strong>Canal 6 Deportes<\/strong>\u00a0que, a pesar de que estuvo disponible durante todo el entrenamiento y trabaj\u00f3 con normalidad bajo las \u00f3rdenes de\u00a0Mart\u00edn Demichelis, el equipo m\u00e9dico del club tom\u00f3 la decisi\u00f3n de descartarlo debido a precauci\u00f3n m\u00e9dica.<\/p>\n\n\n\n<p>La decisi\u00f3n de descartar a Canales se tom\u00f3 para evitar cualquier riesgo de que\u00a0se le vuelva a abrir la herida tras la sutura de 10 puntos que sufri\u00f3 este jueves, aunque el jugador espa\u00f1ol no present\u00f3 ning\u00fan problema aparente durante el entrenamiento, el equipo m\u00e9dico prefiri\u00f3 tomar medidas de precauci\u00f3n para asegurarse de que est\u00e9 en \u00f3ptimas condiciones para los pr\u00f3ximos partidos.<\/p>\n\n\n\n<p>El d\u00eda comenz\u00f3 con una reuni\u00f3n de 20 minutos en las instalaciones del club, donde Jos\u00e9 Antonio Noriega, presidente de Rayados,&nbsp;<strong>dialog\u00f3 con el entrenador Mart\u00edn Demichelis.<\/strong><\/p>\n\n\n\n<p>Posteriormente, el t\u00e9cnico argentino se retir\u00f3 para dar paso a Sergio Canales, quien ingres\u00f3 al campo de entrenamiento.<strong>&nbsp;A lo lejos, se pudo observar que el jugador a\u00fan llevaba una vendoleta&nbsp;<\/strong>en su chamorro izquierdo.<\/p>\n\n\n\n<p><strong>La ausencia de Canales es un golpe para el equipo de Rayados<\/strong>, que busca obtener una victoria importante ante Chivas. Sin embargo, Mart\u00edn Demichelis cuenta con un equipo s\u00f3lido y con jugadores que pueden reemplazar a Canales en el mediocampo.<\/p>\n\n\n\n<p><strong>Tecatito, otra baja para el Rayados vs. Chivas<\/strong><\/p>\n\n\n\n<p><strong>Jes\u00fas Manuel Corona tambi\u00e9n es otro jugador que, por molestias, no concentrar\u00e1 con el equipo<\/strong>&nbsp;por lo que ser\u00eda una baja para ma\u00f1ana ante el Reba\u00f1o Sagrado en casa.<\/p>\n\n\n\n<p>El equipo de Rayados se enfoca ahora en prepararse para el partido ante Chivas, y&nbsp;<strong>buscar\u00e1 encontrar la f\u00f3rmula correcta para obtener la victoria sin la presencia de Canales<\/strong>. La concentraci\u00f3n y la disciplina ser\u00e1n clave para que el equipo pueda lograr su objetivo.<\/p>\n<div class='share-to-whatsapp-wrapper'><div class='share-on-whsp'>Share on: <\/div><a data-text='Rayados viaja sin Canales ni Tecatito para el duelo frente a Chivas' data-link='https:\/\/portaltactica.com\/?p=93439' class='whatsapp-button whatsapp-share'>WhatsApp<\/a><div class='clear '><\/div><\/div>","protected":false},"excerpt":{"rendered":"<p>El mediocampista espa\u00f1ol de Rayados de Monterrey,\u00a0Sergio Canales, no concentrar\u00e1 con el equipo y pr\u00e1cticamente estar\u00eda descartado para enfrentar a Chivas.&hellip;<\/p>\n","protected":false},"author":2,"featured_media":93440,"comment_status":"closed","ping_status":"closed","sticky":false,"template":"","format":"standard","meta":{"advanced_seo_description":"","jetpack_seo_html_title":"","jetpack_seo_noindex":false,"_jetpack_memberships_contains_paid_content":false,"footnotes":"","jetpack_publicize_message":"","jetpack_publicize_feature_enabled":true,"jetpack_social_post_already_shared":false,"jetpack_social_options":{"image_generator_settings":{"template":"highway","default_image_id":0,"font":"","enabled":false},"version":2}},"categories":[1897],"tags":[],"class_list":["post-93439","post","type-post","status-publish","format-standard","has-post-thumbnail","hentry","category-destacado-nacional"],"jetpack_publicize_connections":[],"jetpack_featured_media_url":"https:\/\/portaltactica.com\/wp-content\/uploads\/2025\/04\/2-2.png","jetpack_sharing_enabled":true,"_links":{"self":[{"href":"https:\/\/portaltactica.com\/index.php?rest_route=\/wp\/v2\/posts\/93439","targetHints":{"allow":["GET"]}}],"collection":[{"href":"https:\/\/portaltactica.com\/index.php?rest_route=\/wp\/v2\/posts"}],"about":[{"href":"https:\/\/portaltactica.com\/index.php?rest_route=\/wp\/v2\/types\/post"}],"author":[{"embeddable":true,"href":"https:\/\/portaltactica.com\/index.php?rest_route=\/wp\/v2\/users\/2"}],"replies":[{"embeddable":true,"href":"https:\/\/portaltactica.com\/index.php?rest_route=%2Fwp%2Fv2%2Fcomments&post=93439"}],"version-history":[{"count":1,"href":"https:\/\/portaltactica.com\/index.php?rest_route=\/wp\/v2\/posts\/93439\/revisions"}],"predecessor-version":[{"id":93441,"href":"https:\/\/portaltactica.com\/index.php?rest_route=\/wp\/v2\/posts\/93439\/revisions\/93441"}],"wp:featuredmedia":[{"embeddable":true,"href":"https:\/\/portaltactica.com\/index.php?rest_route=\/wp\/v2\/media\/93440"}],"wp:attachment":[{"href":"https:\/\/portaltactica.com\/index.php?rest_route=%2Fwp%2Fv2%2Fmedia&parent=93439"}],"wp:term":[{"taxonomy":"category","embeddable":true,"href":"https:\/\/portaltactica.com\/index.php?rest_route=%2Fwp%2Fv2%2Fcategories&post=93439"},{"taxonomy":"post_tag","embeddable":true,"href":"https:\/\/portaltactica.com\/index.php?rest_route=%2Fwp%2Fv2%2Ftags&post=93439"}],"curies":[{"name":"wp","href":"https:\/\/api.w.org\/{rel}","templated":true}]}}