{"id":93410,"date":"2025-04-04T12:14:34","date_gmt":"2025-04-04T19:14:34","guid":{"rendered":"https:\/\/portaltactica.com\/?p=93410"},"modified":"2025-04-04T12:14:37","modified_gmt":"2025-04-04T19:14:37","slug":"mats-hummels-anuncia-que-se-retira-del-futbol-cuando-termine-la-temporada","status":"publish","type":"post","link":"https:\/\/portaltactica.com\/?p=93410","title":{"rendered":"Mats Hummels anuncia que se retira del f\u00fatbol cuando termine la temporada"},"content":{"rendered":"\n<p>Fin de una era. A trav\u00e9s de sus redes sociales, el central alem\u00e1n,\u00a0<strong>Mats Hummels<\/strong>, ha anunciado oficialmente\u00a0<strong>su retiro del futbol profesional,<\/strong>\u00a0mismo que suceder\u00e1 a final de la presente temporada.<\/p>\n\n\n\n<p>El central alem\u00e1n de 36 a\u00f1os de edad tiene ya la decisi\u00f3n tomada de\u00a0<strong>colgar los botines<\/strong>\u00a0vistiendo la camiseta de la\u00a0<strong>Roma<\/strong>, esto sin importar como es que termine el a\u00f1o futbol\u00edstico para La Loba y emiti\u00f3 un\u00a0<strong>emotivo mensaje de despedida.<\/strong><\/p>\n\n\n\n<p><strong>&#8220;Estoy luchando con mis emociones en este momento.<\/strong>&nbsp;Ahora llega el momento que ning\u00fan futbolista puede evitar. Despu\u00e9s de m\u00e1s de 18 a\u00f1os y de tantas cosas que me ha dado el f\u00fatbol,&nbsp;<strong>este verano pongo fin a mi carrera\u201d<\/strong>, declar\u00f3 Mats Humels.<\/p>\n\n\n\n<p><strong>Mats Hummels\u00a0<\/strong>lleg\u00f3 a la\u00a0<strong>Roma<\/strong>\u00a0el verano pasado y firm\u00f3 un contrato por solamente una temporada con\u00a0<strong>La Loba<\/strong>, mismo que termina al final de la campa\u00f1a y el cual no va a renovar para poder por fin a su carrera.<\/p>\n\n\n\n<h2 class=\"wp-block-heading\">Borussia Dortmund se despide de Mats Hummels<\/h2>\n\n\n\n<p>A pesar de ser canterano del ac\u00e9rrimo rival, Bayern Munich,\u00a0<strong>Mats Hummels<\/strong>\u00a0tuvo una carrera extraordinaria con\u00a0<strong>Borussia Dortmund<\/strong>, es por esa raz\u00f3n que el club alem\u00e1n agradeci\u00f3 y\u00a0<strong>se despidi\u00f3 de Hummels<\/strong>, catalogandolo como uno de los mejores futbolistas que ha vestido y defendido la carrera del BVB.<\/p>\n\n\n\n<p><strong>\u201cUno de los mejores jugadores en la historia de nuestro club se retira<\/strong>. \u00a1Tu carrera fue \u00fanica, Mats! Nos inclinamos ante tus logros, tus \u00e9xitos y tu trayectoria. \u00a1Por siempre Borussia! \u00a1Por siempre una leyenda negra y amarilla!\u201d<\/p>\n\n\n\n<h2 class=\"wp-block-heading\">Palmar\u00e9s de Mats Humels<\/h2>\n\n\n\n<p>A lo largo de su carrera,\u00a0<strong>Mats Hummels<\/strong>\u00a0visti\u00f3 dos de las camisetas de mayor historia en Alemania, mismas con las que levant\u00f3 una gran cantidad de t\u00edtulos. Con\u00a0<strong>Bayern Munich<\/strong>\u00a0<strong>Mats Hummels<\/strong>\u00a0gan\u00f3\u00a0<strong>4 veces la Bundesliga, 2 DFB Pokal y 1 Copa de la Liga<\/strong>, mientras que con\u00a0<strong>Borussia Dormtmund<\/strong>\u00a0levant\u00f3\u00a0<strong>dos veces la Liga, dos veces la Copa y tres veces la Supercopa.<\/strong><\/p>\n\n\n\n<p>Adem\u00e1s, por si fuera poco,\u00a0<strong>Mats Hummels<\/strong>\u00a0form\u00f3 parte de aquella Alemania que se consagr\u00f3 como\u00a0<strong>campeones del mundo en Brasil 2014.<\/strong><\/p>\n<div class='share-to-whatsapp-wrapper'><div class='share-on-whsp'>Share on: <\/div><a data-text='Mats Hummels anuncia que se retira del f\u00fatbol cuando termine la temporada' data-link='https:\/\/portaltactica.com\/?p=93410' class='whatsapp-button whatsapp-share'>WhatsApp<\/a><div class='clear '><\/div><\/div>","protected":false},"excerpt":{"rendered":"<p>Fin de una era. A trav\u00e9s de sus redes sociales, el central alem\u00e1n,\u00a0Mats Hummels, ha anunciado oficialmente\u00a0su retiro del futbol profesional,\u00a0mismo&hellip;<\/p>\n","protected":false},"author":2,"featured_media":93411,"comment_status":"closed","ping_status":"closed","sticky":false,"template":"","format":"standard","meta":{"advanced_seo_description":"","jetpack_seo_html_title":"","jetpack_seo_noindex":false,"_jetpack_memberships_contains_paid_content":false,"footnotes":"","jetpack_publicize_message":"","jetpack_publicize_feature_enabled":true,"jetpack_social_post_already_shared":false,"jetpack_social_options":{"image_generator_settings":{"template":"highway","default_image_id":0,"font":"","enabled":false},"version":2}},"categories":[1896],"tags":[],"class_list":["post-93410","post","type-post","status-publish","format-standard","has-post-thumbnail","hentry","category-destacado-portada"],"jetpack_publicize_connections":[],"jetpack_featured_media_url":"https:\/\/portaltactica.com\/wp-content\/uploads\/2025\/04\/5-2.jpg","jetpack_sharing_enabled":true,"_links":{"self":[{"href":"https:\/\/portaltactica.com\/index.php?rest_route=\/wp\/v2\/posts\/93410","targetHints":{"allow":["GET"]}}],"collection":[{"href":"https:\/\/portaltactica.com\/index.php?rest_route=\/wp\/v2\/posts"}],"about":[{"href":"https:\/\/portaltactica.com\/index.php?rest_route=\/wp\/v2\/types\/post"}],"author":[{"embeddable":true,"href":"https:\/\/portaltactica.com\/index.php?rest_route=\/wp\/v2\/users\/2"}],"replies":[{"embeddable":true,"href":"https:\/\/portaltactica.com\/index.php?rest_route=%2Fwp%2Fv2%2Fcomments&post=93410"}],"version-history":[{"count":1,"href":"https:\/\/portaltactica.com\/index.php?rest_route=\/wp\/v2\/posts\/93410\/revisions"}],"predecessor-version":[{"id":93412,"href":"https:\/\/portaltactica.com\/index.php?rest_route=\/wp\/v2\/posts\/93410\/revisions\/93412"}],"wp:featuredmedia":[{"embeddable":true,"href":"https:\/\/portaltactica.com\/index.php?rest_route=\/wp\/v2\/media\/93411"}],"wp:attachment":[{"href":"https:\/\/portaltactica.com\/index.php?rest_route=%2Fwp%2Fv2%2Fmedia&parent=93410"}],"wp:term":[{"taxonomy":"category","embeddable":true,"href":"https:\/\/portaltactica.com\/index.php?rest_route=%2Fwp%2Fv2%2Fcategories&post=93410"},{"taxonomy":"post_tag","embeddable":true,"href":"https:\/\/portaltactica.com\/index.php?rest_route=%2Fwp%2Fv2%2Ftags&post=93410"}],"curies":[{"name":"wp","href":"https:\/\/api.w.org\/{rel}","templated":true}]}}