{"id":93397,"date":"2025-04-04T11:33:30","date_gmt":"2025-04-04T18:33:30","guid":{"rendered":"https:\/\/portaltactica.com\/?p=93397"},"modified":"2025-04-04T11:33:31","modified_gmt":"2025-04-04T18:33:31","slug":"leon-ya-tiene-fecha-para-resolver-su-caso-en-el-tas-sobre-el-mundial-de-clubes","status":"publish","type":"post","link":"https:\/\/portaltactica.com\/?p=93397","title":{"rendered":"Le\u00f3n ya tiene fecha para resolver su caso en el TAS sobre el Mundial de Clubes"},"content":{"rendered":"\n<p>El\u00a0<strong>Tribunal de Arbitraje Deportivo<\/strong>\u00a0dijo el viernes que realizar\u00e1 un proceso expedito el pr\u00f3ximo mes para tramitar la apelaci\u00f3n del club mexicano Le\u00f3n, que intenta revocar una decisi\u00f3n de la\u00a0<strong>FIFA<\/strong>\u00a0de expulsarlo del\u00a0<strong>Mundial de Clubes<\/strong>\u00a0en Estados Unidos.<\/p>\n\n\n\n<p>La m\u00e1xima instancia judicial del deportivo indic\u00f3 el\u00a0<strong>Le\u00f3n<\/strong>\u00a0y su club hermano\u00a0<strong>Pachuca<\/strong>\u00a0han presentado por separado apelaciones contra un fallo de la\u00a0<strong>FIFA<\/strong>\u00a0del mes pasado que establece que, dado que tienen el mismo propietario, no pueden ambos jugar en el Mundial de Clubes.<\/p>\n\n\n\n<p><strong>\u201cEl Club Le\u00f3n present\u00f3 una apelaci\u00f3n adicional&nbsp;<\/strong>contra la decisi\u00f3n del secretario general de la FIFA con el fin de que se le reincorpore a dicha competici\u00f3n\u201d, dijo el tribunal en un comunicado.<\/p>\n\n\n\n<p>\u201cLas partes est\u00e1n intercambiando los escritos en relaci\u00f3n con estas apelaciones de conformidad con las normas de arbitraje que rigen los procedimientos del TAS. Las apelaciones se tramitar\u00e1n conforme al procedimiento acelerado acordado por las partes y la audiencia se celebrar\u00e1&nbsp;<strong>durante la semana del 5 de mayo de 2025<\/strong>\u201d, a\u00f1adi\u00f3.<\/p>\n\n\n\n<p><strong>No se fij\u00f3 una fecha para emitir el veredicto<\/strong>&nbsp;en el caso que decidir\u00e1 la \u00faltima plaza del cuadro de 32 equipos para el torneo de un mes de duraci\u00f3n. Los clubes mexicanos se clasificaron al consagrarse en la Copa de Campeones de la CONCACAF en ediciones diferentes.<\/p>\n\n\n\n<p>La\u00a0FIFA\u00a0revel\u00f3 planes esta semana para un partido de desempate entre el Los \u00c1ngeles FC de la MLS y el Am\u00e9rica de M\u00e9xico si su fallo es confirmado por el TAS.<\/p>\n\n\n\n<p>Seg\u00fan el ente rector del futbol,&nbsp;<strong>LAFC<\/strong>&nbsp;disputar\u00eda el desempate porque fue el subcampe\u00f3n en la Liga de Campeones de la CONCACAF de 2023 al perder ante Le\u00f3n en la final. El&nbsp;<strong>Am\u00e9rica<\/strong>&nbsp;es el siguiente equipo mejor clasificado en el ranking de la confederaci\u00f3n regional.<\/p>\n\n\n\n<p>En un proceso separado del&nbsp;<strong>TAS<\/strong>, el club costarricense&nbsp;<strong>Alajuelense<\/strong>&nbsp;ha reclamado que se le adjudique la \u00faltima plaza, que valdr\u00e1 un pago m\u00ednimo de&nbsp;<strong>9,55 millones de d\u00f3lares<\/strong>&nbsp;m\u00e1s una parte adicional de la bolsa global de 1.000 millones en base a los resultados. El torneo comienza el 14 de junio, y Le\u00f3n estaba programado para jugar al d\u00eda siguiente.<\/p>\n\n\n\n<p>El caso de&nbsp;<strong>Alajuelense<\/strong>&nbsp;ser\u00e1 tramitado el&nbsp;<strong>23 de abril en Madrid<\/strong>, aunque su importancia es secundaria a la apelaci\u00f3n de Le\u00f3n.<\/p>\n\n\n\n<p>Le\u00f3n fue incluido por la\u00a0<strong>FIFA<\/strong>\u00a0en el sorteo del torneo en diciembre a pesar del problema pendiente de la multipropiedad. Le\u00f3n estaba programado para debutar contra Chelsea en Atlanta, para luego medirse ante Esperance de T\u00fanez en Nashville y Flamengo de Brasil en Orlando.<\/p>\n<div class='share-to-whatsapp-wrapper'><div class='share-on-whsp'>Share on: <\/div><a data-text='Le\u00f3n ya tiene fecha para resolver su caso en el TAS sobre el Mundial de Clubes' data-link='https:\/\/portaltactica.com\/?p=93397' class='whatsapp-button whatsapp-share'>WhatsApp<\/a><div class='clear '><\/div><\/div>","protected":false},"excerpt":{"rendered":"<p>El\u00a0Tribunal de Arbitraje Deportivo\u00a0dijo el viernes que realizar\u00e1 un proceso expedito el pr\u00f3ximo mes para tramitar la apelaci\u00f3n del club mexicano&hellip;<\/p>\n","protected":false},"author":2,"featured_media":93403,"comment_status":"closed","ping_status":"closed","sticky":false,"template":"","format":"standard","meta":{"advanced_seo_description":"","jetpack_seo_html_title":"","jetpack_seo_noindex":false,"_jetpack_memberships_contains_paid_content":false,"footnotes":"","jetpack_publicize_message":"","jetpack_publicize_feature_enabled":true,"jetpack_social_post_already_shared":false,"jetpack_social_options":{"image_generator_settings":{"template":"highway","default_image_id":0,"font":"","enabled":false},"version":2}},"categories":[1896],"tags":[],"class_list":["post-93397","post","type-post","status-publish","format-standard","has-post-thumbnail","hentry","category-destacado-portada"],"jetpack_publicize_connections":[],"jetpack_featured_media_url":"https:\/\/portaltactica.com\/wp-content\/uploads\/2025\/04\/1-2.jpg","jetpack_sharing_enabled":true,"_links":{"self":[{"href":"https:\/\/portaltactica.com\/index.php?rest_route=\/wp\/v2\/posts\/93397","targetHints":{"allow":["GET"]}}],"collection":[{"href":"https:\/\/portaltactica.com\/index.php?rest_route=\/wp\/v2\/posts"}],"about":[{"href":"https:\/\/portaltactica.com\/index.php?rest_route=\/wp\/v2\/types\/post"}],"author":[{"embeddable":true,"href":"https:\/\/portaltactica.com\/index.php?rest_route=\/wp\/v2\/users\/2"}],"replies":[{"embeddable":true,"href":"https:\/\/portaltactica.com\/index.php?rest_route=%2Fwp%2Fv2%2Fcomments&post=93397"}],"version-history":[{"count":1,"href":"https:\/\/portaltactica.com\/index.php?rest_route=\/wp\/v2\/posts\/93397\/revisions"}],"predecessor-version":[{"id":93402,"href":"https:\/\/portaltactica.com\/index.php?rest_route=\/wp\/v2\/posts\/93397\/revisions\/93402"}],"wp:featuredmedia":[{"embeddable":true,"href":"https:\/\/portaltactica.com\/index.php?rest_route=\/wp\/v2\/media\/93403"}],"wp:attachment":[{"href":"https:\/\/portaltactica.com\/index.php?rest_route=%2Fwp%2Fv2%2Fmedia&parent=93397"}],"wp:term":[{"taxonomy":"category","embeddable":true,"href":"https:\/\/portaltactica.com\/index.php?rest_route=%2Fwp%2Fv2%2Fcategories&post=93397"},{"taxonomy":"post_tag","embeddable":true,"href":"https:\/\/portaltactica.com\/index.php?rest_route=%2Fwp%2Fv2%2Ftags&post=93397"}],"curies":[{"name":"wp","href":"https:\/\/api.w.org\/{rel}","templated":true}]}}