{"id":93328,"date":"2025-04-02T12:06:29","date_gmt":"2025-04-02T19:06:29","guid":{"rendered":"https:\/\/portaltactica.com\/?p=93328"},"modified":"2025-04-02T12:06:32","modified_gmt":"2025-04-02T19:06:32","slug":"fifa-establece-fecha-limite-para-resolver-el-caso-leon","status":"publish","type":"post","link":"https:\/\/portaltactica.com\/?p=93328","title":{"rendered":"FIFA establece fecha l\u00edmite para resolver el caso Le\u00f3n"},"content":{"rendered":"\n<p>La\u00a0<strong>FIFA<\/strong>\u00a0y el\u00a0Le\u00f3n\u00a0esperan la decisi\u00f3n final que tome el Tribunal de Arbitraje Deportivo (TAS) sobre la participaci\u00f3n o no en el\u00a0Mundial de Clubes 2025. A voz de\u00a0<strong>Gianni Infantino<\/strong>, presidente del organismo, espera que se tome a finales del mes de abril o mayo.<\/p>\n\n\n\n<p>\u201cTenemos que ver las fechas del TAS, en las cuales no tenemos poder de decisi\u00f3n, pero en mi opini\u00f3n, al final de abril o principios de mayo se tendr\u00eda que tomar una decisi\u00f3n final\u201d, indic\u00f3 Gianni Infantino en entrevista para&nbsp;<em>Los \u00c1ngeles Times.<\/em><\/p>\n\n\n\n<p>Para el presidente de la FIFA la resoluci\u00f3n se tomar\u00e1 \u201cen tiempos muy r\u00e1pidos\u201d para que tengan seguridad de los 32 equipos que participar\u00e1n en el&nbsp;<strong>Mundial de Clubes 2025<\/strong>.<\/p>\n\n\n\n<p>\u201cHemos tomado una decisi\u00f3n por el Comit\u00e9 de Apelaci\u00f3n de la FIFA, que seg\u00fan los reglamentos ha tomado esa decisi\u00f3n. Ahora el caso est\u00e1 en el Tribunal Arbitral del Deporte, que va a tomar su decisi\u00f3n tambi\u00e9n en tiempos muy r\u00e1pidos. Todo tiene que ser decidido en las pr\u00f3ximas semanas, para tener la seguridad y la certidumbre de los 32 equipos, que hoy tenemos 31\u201d, declar\u00f3.<\/p>\n\n\n\n<p>El pasado 21 de marzo, la FIFA dej\u00f3 fuera al Le\u00f3n del Mundial de Clubes porque supuestamente no cumplieron con los criterios sobre propiedad diversificada.<\/p>\n\n\n\n<h2 class=\"wp-block-heading\"><strong>EL LE\u00d3N CRITICA A LA FIFA<\/strong><\/h2>\n\n\n\n<p>Hace unos d\u00edas, jugadores y t\u00e9cnico del Le\u00f3n criticaron a la FIFA por haberlos excluido del Mundial de Clubes 2025 y le pidieron que reconsidere la decisi\u00f3n.<\/p>\n\n\n\n<p>&#8220;Es una injusticia grande, se ha ganado todo dentro del campo, todos estamos golpeados con todas estas cosas, si estamos fuera es algo que no es justo. No va a ser bueno si va otro equipo, el futbol se va a ver manchado, que FIFA estudie eso bien\u201d, dijo&nbsp;<strong>James Rodr\u00edguez<\/strong>.<\/p>\n\n\n\n<h3 class=\"wp-block-heading\"><strong>\u00bfC\u00d3MO SE CLASIFIC\u00d3 EL LE\u00d3N AL MUNDIAL DE CLUBES 2025?<\/strong><\/h3>\n\n\n\n<p>Le\u00f3n se clasific\u00f3 al Mundial de Clubes tras ganar la Copa de Campeones de la Concacaf en 2023, mientras que Pachuca conquist\u00f3 la competici\u00f3n el a\u00f1o pasado.<\/p>\n\n\n\n<h3 class=\"wp-block-heading\"><strong>GRUPO EN EL QUE EST\u00c1 EL LE\u00d3N EN EL MUNDIAL DE CLUBES 2025<\/strong><\/h3>\n\n\n\n<figure class=\"wp-block-table\"><table class=\"has-fixed-layout\"><thead><tr><th>GRUPO D<\/th><\/tr><\/thead><tbody><tr><td>Flamengo<\/td><\/tr><tr><td>Esperance<\/td><\/tr><tr><td>Chelsea<\/td><\/tr><tr><td>Le\u00f3n<\/td><\/tr><\/tbody><\/table><\/figure>\n\n\n\n<p>El Mundial de Clubes se disputar\u00e1 del 14 de junio al 13 de julio en Estados Unidos. Los ganadores de la justa en la que participar\u00e1n 32 equipos y que repartir\u00e1 un premio en efectivo de 1000 millones de d\u00f3lares se llevar\u00e1n hasta 125 millones de d\u00f3lares.<\/p>\n\n\n\n<p><\/p>\n<div class='share-to-whatsapp-wrapper'><div class='share-on-whsp'>Share on: <\/div><a data-text='FIFA establece fecha l\u00edmite para resolver el caso Le\u00f3n' data-link='https:\/\/portaltactica.com\/?p=93328' class='whatsapp-button whatsapp-share'>WhatsApp<\/a><div class='clear '><\/div><\/div>","protected":false},"excerpt":{"rendered":"<p>La\u00a0FIFA\u00a0y el\u00a0Le\u00f3n\u00a0esperan la decisi\u00f3n final que tome el Tribunal de Arbitraje Deportivo (TAS) sobre la participaci\u00f3n o no en el\u00a0Mundial de&hellip;<\/p>\n","protected":false},"author":2,"featured_media":93329,"comment_status":"closed","ping_status":"closed","sticky":false,"template":"","format":"standard","meta":{"advanced_seo_description":"","jetpack_seo_html_title":"","jetpack_seo_noindex":false,"_jetpack_memberships_contains_paid_content":false,"footnotes":"","jetpack_publicize_message":"","jetpack_publicize_feature_enabled":true,"jetpack_social_post_already_shared":false,"jetpack_social_options":{"image_generator_settings":{"template":"highway","default_image_id":0,"font":"","enabled":false},"version":2}},"categories":[1897,1896],"tags":[],"class_list":["post-93328","post","type-post","status-publish","format-standard","has-post-thumbnail","hentry","category-destacado-nacional","category-destacado-portada"],"jetpack_publicize_connections":[],"jetpack_featured_media_url":"https:\/\/portaltactica.com\/wp-content\/uploads\/2025\/04\/1-1.jpg","jetpack_sharing_enabled":true,"_links":{"self":[{"href":"https:\/\/portaltactica.com\/index.php?rest_route=\/wp\/v2\/posts\/93328","targetHints":{"allow":["GET"]}}],"collection":[{"href":"https:\/\/portaltactica.com\/index.php?rest_route=\/wp\/v2\/posts"}],"about":[{"href":"https:\/\/portaltactica.com\/index.php?rest_route=\/wp\/v2\/types\/post"}],"author":[{"embeddable":true,"href":"https:\/\/portaltactica.com\/index.php?rest_route=\/wp\/v2\/users\/2"}],"replies":[{"embeddable":true,"href":"https:\/\/portaltactica.com\/index.php?rest_route=%2Fwp%2Fv2%2Fcomments&post=93328"}],"version-history":[{"count":1,"href":"https:\/\/portaltactica.com\/index.php?rest_route=\/wp\/v2\/posts\/93328\/revisions"}],"predecessor-version":[{"id":93330,"href":"https:\/\/portaltactica.com\/index.php?rest_route=\/wp\/v2\/posts\/93328\/revisions\/93330"}],"wp:featuredmedia":[{"embeddable":true,"href":"https:\/\/portaltactica.com\/index.php?rest_route=\/wp\/v2\/media\/93329"}],"wp:attachment":[{"href":"https:\/\/portaltactica.com\/index.php?rest_route=%2Fwp%2Fv2%2Fmedia&parent=93328"}],"wp:term":[{"taxonomy":"category","embeddable":true,"href":"https:\/\/portaltactica.com\/index.php?rest_route=%2Fwp%2Fv2%2Fcategories&post=93328"},{"taxonomy":"post_tag","embeddable":true,"href":"https:\/\/portaltactica.com\/index.php?rest_route=%2Fwp%2Fv2%2Ftags&post=93328"}],"curies":[{"name":"wp","href":"https:\/\/api.w.org\/{rel}","templated":true}]}}