{"id":93313,"date":"2025-04-01T16:59:33","date_gmt":"2025-04-01T23:59:33","guid":{"rendered":"https:\/\/portaltactica.com\/?p=93313"},"modified":"2025-04-01T16:59:36","modified_gmt":"2025-04-01T23:59:36","slug":"bayer-leverkusen-queda-fuera-de-la-copa-de-alemania-tras-caer-ante-arminia-bielefeld","status":"publish","type":"post","link":"https:\/\/portaltactica.com\/?p=93313","title":{"rendered":"Bayer Leverkusen queda fuera de la Copa de Alemania tras caer ante Arminia Bielefeld"},"content":{"rendered":"\n<p><strong>Arminia Bielefeld<\/strong>\u00a0protagoniz\u00f3 una may\u00fascula sorpresa en la\u00a0<strong>Copa de Alemania<\/strong>\u00a0al vencer el martes 2-1 al campe\u00f3n defensor\u00a0<strong>Bayer Leverkusen<\/strong>\u00a0en su duelo de Semifinales.<\/p>\n\n\n\n<p>El equipo de la Tercera Divisi\u00f3n remont\u00f3 despu\u00e9s de que\u00a0<strong>Jonathan Tah<\/strong>\u00a0dio a los visitantes una ventaja a los 17 minutos.\u00a0<strong>Marius W\u00f6rl<\/strong>\u00a0respondi\u00f3 tres minutos despu\u00e9s y\u00a0<strong>Maximilian Gro&#8217;er<\/strong>\u00a0anot\u00f3 el segundo gol de Bielefeld justo antes del descanso. El equipo local parec\u00eda m\u00e1s probable de aumentar esa cuenta ante un Leverkusen que mostr\u00f3 evidente cansancio.+<\/p>\n\n\n\n<h2 class=\"wp-block-heading\">Orgullo en Arminia Bielefeld, lamentos en Leverkusen<\/h2>\n\n\n\n<p>&#8220;Estoy muy orgulloso de este equipo&#8221;, dijo el t\u00e9cnico de Bielefeld,&nbsp;<strong>Mitch Kniat<\/strong>, mientras la mayor\u00eda de los aficionados en el peque\u00f1o estadio cantaban a su alrededor. &#8220;Nadie dormir\u00e1 en la ciudad esta noche&#8221;.<\/p>\n\n\n\n<p><strong>Patrik Schick<\/strong>&nbsp;fue quien m\u00e1s cerca estuvo de conseguir el empate para los visitantes a los 81 con un cabezazo que remeci\u00f3 el poste. &#8220;Este fue, por lejos, nuestro peor partido de la temporada&#8221;, coment\u00f3 el centrocampista de Leverkusen,&nbsp;<strong>Robert Andrich<\/strong>, quien a\u00f1adi\u00f3 que la ausencia del lesionado&nbsp;<strong>Florian Wirtz<\/strong>&nbsp;no era una excusa.<\/p>\n\n\n\n<p>&#8220;Con todo el respeto a Bielefeld, deber\u00edamos poder vencerlos con el equipo que tenemos&#8221;, a\u00f1adi\u00f3. Leverkusen gan\u00f3 el t\u00edtulo el a\u00f1o pasado como parte de un doblete de liga y copa dom\u00e9stica sin precedentes sin perder un solo partido.<\/p>\n\n\n\n<h2 class=\"wp-block-heading\">La hist\u00f3rica participaci\u00f3n de Arminia Bielefeld en Copa<\/h2>\n\n\n\n<p>En tanto, Bielefeld est\u00e1 actualmente en el cuarto lugar en la Tercera Divisi\u00f3n de Alemania con ocho fechas por disputar. Nada m\u00e1s los tres primeros tienen la oportunidad de ascender, con los dos primeros subiendo directamente a la segunda divisi\u00f3n.<\/p>\n\n\n\n<p>Para llegar a la Semifinal, Bielefeld derrot\u00f3 en cada instancia a equipos de divisiones superiores, comenzando con&nbsp;<strong>Hannover&nbsp;<\/strong>de la Segunda Divisi\u00f3n en la primera ronda, luego a tres conjuntos de la&nbsp;<strong>Bundesliga<\/strong>:&nbsp;<strong>Union Berl\u00edn<\/strong>,&nbsp;<strong>Freiburg&nbsp;<\/strong>y&nbsp;<strong>Werder Bremen<\/strong>.<\/p>\n\n\n\n<p>Es la primera vez que Bielefeld acceder a la final de la Copa de Alemania despu\u00e9s de perder en cuatro Semifinales anteriores. Tambi\u00e9n es la primera vez desde Union Berlin en 2001 que un equipo de la Tercera Divisi\u00f3n juega en la Final.&nbsp;<strong>Energie Cottbus<\/strong>&nbsp;y&nbsp;<strong>Hertha Berlin II<\/strong>&nbsp;fueron los \u00fanicos otros equipos de Tercera Divisi\u00f3n en lograrlo. Ninguno de ellos gan\u00f3.<\/p>\n\n\n\n<p><strong>Stuttgart&nbsp;<\/strong>recibe a&nbsp;<strong>Leipzig<\/strong>&nbsp;en la otra ssemifinal el mi\u00e9rcoles y el ganador jugar\u00e1 contra Bielefeld en la final de la Copa de Alemania en Berl\u00edn el pr\u00f3ximo mes.<\/p>\n<div class='share-to-whatsapp-wrapper'><div class='share-on-whsp'>Share on: <\/div><a data-text='Bayer Leverkusen queda fuera de la Copa de Alemania tras caer ante Arminia Bielefeld' data-link='https:\/\/portaltactica.com\/?p=93313' class='whatsapp-button whatsapp-share'>WhatsApp<\/a><div class='clear '><\/div><\/div>","protected":false},"excerpt":{"rendered":"<p>Arminia Bielefeld\u00a0protagoniz\u00f3 una may\u00fascula sorpresa en la\u00a0Copa de Alemania\u00a0al vencer el martes 2-1 al campe\u00f3n defensor\u00a0Bayer Leverkusen\u00a0en su duelo de Semifinales.&hellip;<\/p>\n","protected":false},"author":2,"featured_media":93314,"comment_status":"closed","ping_status":"closed","sticky":false,"template":"","format":"standard","meta":{"advanced_seo_description":"","jetpack_seo_html_title":"","jetpack_seo_noindex":false,"_jetpack_memberships_contains_paid_content":false,"footnotes":"","jetpack_publicize_message":"","jetpack_publicize_feature_enabled":true,"jetpack_social_post_already_shared":false,"jetpack_social_options":{"image_generator_settings":{"template":"highway","default_image_id":0,"font":"","enabled":false},"version":2}},"categories":[1896],"tags":[],"class_list":["post-93313","post","type-post","status-publish","format-standard","has-post-thumbnail","hentry","category-destacado-portada"],"jetpack_publicize_connections":[],"jetpack_featured_media_url":"https:\/\/portaltactica.com\/wp-content\/uploads\/2025\/04\/8.jpg","jetpack_sharing_enabled":true,"_links":{"self":[{"href":"https:\/\/portaltactica.com\/index.php?rest_route=\/wp\/v2\/posts\/93313","targetHints":{"allow":["GET"]}}],"collection":[{"href":"https:\/\/portaltactica.com\/index.php?rest_route=\/wp\/v2\/posts"}],"about":[{"href":"https:\/\/portaltactica.com\/index.php?rest_route=\/wp\/v2\/types\/post"}],"author":[{"embeddable":true,"href":"https:\/\/portaltactica.com\/index.php?rest_route=\/wp\/v2\/users\/2"}],"replies":[{"embeddable":true,"href":"https:\/\/portaltactica.com\/index.php?rest_route=%2Fwp%2Fv2%2Fcomments&post=93313"}],"version-history":[{"count":1,"href":"https:\/\/portaltactica.com\/index.php?rest_route=\/wp\/v2\/posts\/93313\/revisions"}],"predecessor-version":[{"id":93315,"href":"https:\/\/portaltactica.com\/index.php?rest_route=\/wp\/v2\/posts\/93313\/revisions\/93315"}],"wp:featuredmedia":[{"embeddable":true,"href":"https:\/\/portaltactica.com\/index.php?rest_route=\/wp\/v2\/media\/93314"}],"wp:attachment":[{"href":"https:\/\/portaltactica.com\/index.php?rest_route=%2Fwp%2Fv2%2Fmedia&parent=93313"}],"wp:term":[{"taxonomy":"category","embeddable":true,"href":"https:\/\/portaltactica.com\/index.php?rest_route=%2Fwp%2Fv2%2Fcategories&post=93313"},{"taxonomy":"post_tag","embeddable":true,"href":"https:\/\/portaltactica.com\/index.php?rest_route=%2Fwp%2Fv2%2Ftags&post=93313"}],"curies":[{"name":"wp","href":"https:\/\/api.w.org\/{rel}","templated":true}]}}