{"id":93303,"date":"2025-04-01T14:29:48","date_gmt":"2025-04-01T21:29:48","guid":{"rendered":"https:\/\/portaltactica.com\/?p=93303"},"modified":"2025-04-03T13:20:31","modified_gmt":"2025-04-03T20:20:31","slug":"parten-mazatlecos-al-campeonato-centroamericano-de-karate","status":"publish","type":"post","link":"https:\/\/portaltactica.com\/?p=93303","title":{"rendered":"Parten mazatlecos al Campeonato Centroamericano de karate"},"content":{"rendered":"\n<p>Tambi\u00e9n se despide Hayato Yoshii, quien ver\u00e1 acci\u00f3n en la Youth League y tendr\u00e1 gira de preparaci\u00f3n por Europa, previo a los Juegos Panamericanos Juveniles.<\/p>\n\n\n\n<p>Mazatl\u00e1n, Sinaloa a 1 de abril de 2025<br \/>Los karatecas mazatlecos que forman parte de la Selecci\u00f3n Nacional tomaron rumbo a Colombia, para participar en el Campeonato Centroamericano y del Caribe, a la par de Hayato Francisco Yoshii Mizukami, quien viajar\u00e1 a Espa\u00f1a para participar en la Youtn League, previo a concentrarse con la Selecci\u00f3n Mexicana, rumbo a los Panamericanos Juveniles.<\/p>\n\n\n\n<p>El shihan, Jes\u00fas Moreno, inform\u00f3 que ser\u00e1n cinco los artemarcialistas porte\u00f1os que representar\u00e1n a M\u00e9xico en el certamen que tendr\u00e1 lugar en Bogot\u00e1, Colombia, del 1 al 6 de abril: Diana Torres, Hiroto Yoshii, Alberto P\u00e9rez y Jes\u00fas Francisco Moreno, as\u00ed como Karol Nathalie Silva Martinez y el entrenador Miguel Silva Rueda, con apoyo del Gobierno de Mazatl\u00e1n.<\/p>\n\n\n\n<p>&#8220;Estamos muy agradecidos por el apoyo que la Presidenta, Estrella Palacios, y la directora del Instituto Municipal del Deporte, Fabiola Verde, han brindado a la disciplina, por lo que nosotros vamos a seguir trabajando para lograr resultados, tanto nacionales como internacionales&#8221;, expres\u00f3 Moreno Salas.<\/p>\n\n\n\n<p>El tambi\u00e9n entrenador de Selecci\u00f3n Mazatl\u00e1n comparti\u00f3 que Hayato Yoshii comenzar\u00e1 su aventura por el Viejo Continente con su participaci\u00f3n en la Youth Lesgue Karate 1, que tendr\u00e1 lugar del 3 al 6 de abril, en el Palacio Multiusos de Guadalajara, Espa\u00f1a.<\/p>\n\n\n\n<p>Posteriormente el karateca mazatleco se incorporar\u00e1 a la Selecci\u00f3n Nacional para comenzar una gira de preparaci\u00f3n, a lo largo de Europa, de cara a su participaci\u00f3n en los II Juegos Panamericanos Junior, que se realizar\u00e1n en Asunci\u00f3n, Paraguay, del 9 al 23 de agosto.<\/p>\n\n\n\n<p>MAZATLECOS EN EL CENTROAMERICANO<\/p>\n\n\n\n<p>Diana Fernanda Torres Liz\u00e1rraga<br \/>Hiroto Javier Yoshii Mizukami<br \/>Mario Alberto Shinji P\u00e9rez Kasuga<br \/>Jes\u00fas Francisco Moreno Bautista<\/p>\n\n\n\n<p>COMPROMISOS DE HAYATO YOSHI<\/p>\n\n\n\n<p>-Youth League en Guadalajara, Espa\u00f1a<br>-Gira por Europa con la Selecci\u00f3n Nacional para Juegos Panamericanos Juveniles<\/p>\n<div class='share-to-whatsapp-wrapper'><div class='share-on-whsp'>Share on: <\/div><a data-text='Parten mazatlecos al Campeonato Centroamericano de karate' data-link='https:\/\/portaltactica.com\/?p=93303' class='whatsapp-button whatsapp-share'>WhatsApp<\/a><div class='clear '><\/div><\/div>","protected":false},"excerpt":{"rendered":"<p>Tambi\u00e9n se despide Hayato Yoshii, quien ver\u00e1 acci\u00f3n en la Youth League y tendr\u00e1 gira de preparaci\u00f3n por Europa, previo a&hellip;<\/p>\n","protected":false},"author":1,"featured_media":93302,"comment_status":"closed","ping_status":"","sticky":false,"template":"","format":"standard","meta":{"advanced_seo_description":"","jetpack_seo_html_title":"","jetpack_seo_noindex":false,"_jetpack_memberships_contains_paid_content":false,"footnotes":"","jetpack_publicize_message":"","jetpack_publicize_feature_enabled":true,"jetpack_social_post_already_shared":false,"jetpack_social_options":{"image_generator_settings":{"template":"highway","default_image_id":0,"font":"","enabled":false},"version":2}},"categories":[1899],"tags":[37],"class_list":["post-93303","post","type-post","status-publish","format-standard","has-post-thumbnail","hentry","category-destacado-mazatlan","tag-imdem"],"jetpack_publicize_connections":[],"jetpack_featured_media_url":"https:\/\/portaltactica.com\/wp-content\/uploads\/2025\/04\/0a68ccb8-6214-459b-9c90-c1cc64d2d7ed-1.jpg","jetpack_sharing_enabled":true,"_links":{"self":[{"href":"https:\/\/portaltactica.com\/index.php?rest_route=\/wp\/v2\/posts\/93303","targetHints":{"allow":["GET"]}}],"collection":[{"href":"https:\/\/portaltactica.com\/index.php?rest_route=\/wp\/v2\/posts"}],"about":[{"href":"https:\/\/portaltactica.com\/index.php?rest_route=\/wp\/v2\/types\/post"}],"author":[{"embeddable":true,"href":"https:\/\/portaltactica.com\/index.php?rest_route=\/wp\/v2\/users\/1"}],"replies":[{"embeddable":true,"href":"https:\/\/portaltactica.com\/index.php?rest_route=%2Fwp%2Fv2%2Fcomments&post=93303"}],"version-history":[{"count":1,"href":"https:\/\/portaltactica.com\/index.php?rest_route=\/wp\/v2\/posts\/93303\/revisions"}],"predecessor-version":[{"id":93304,"href":"https:\/\/portaltactica.com\/index.php?rest_route=\/wp\/v2\/posts\/93303\/revisions\/93304"}],"wp:featuredmedia":[{"embeddable":true,"href":"https:\/\/portaltactica.com\/index.php?rest_route=\/wp\/v2\/media\/93302"}],"wp:attachment":[{"href":"https:\/\/portaltactica.com\/index.php?rest_route=%2Fwp%2Fv2%2Fmedia&parent=93303"}],"wp:term":[{"taxonomy":"category","embeddable":true,"href":"https:\/\/portaltactica.com\/index.php?rest_route=%2Fwp%2Fv2%2Fcategories&post=93303"},{"taxonomy":"post_tag","embeddable":true,"href":"https:\/\/portaltactica.com\/index.php?rest_route=%2Fwp%2Fv2%2Ftags&post=93303"}],"curies":[{"name":"wp","href":"https:\/\/api.w.org\/{rel}","templated":true}]}}