{"id":93294,"date":"2025-04-01T12:41:23","date_gmt":"2025-04-01T19:41:23","guid":{"rendered":"https:\/\/portaltactica.com\/?p=93294"},"modified":"2025-04-01T12:41:25","modified_gmt":"2025-04-01T19:41:25","slug":"tuca-ferretti-estalla-por-la-polemica-del-mundial-de-clubes-la-mls-y-america-no-tienen-verguenza","status":"publish","type":"post","link":"https:\/\/portaltactica.com\/?p=93294","title":{"rendered":"Tuca Ferretti estalla por la pol\u00e9mica del Mundial de Clubes: &#8220;La MLS y Am\u00e9rica no tienen verg\u00fcenza&#8221;"},"content":{"rendered":"\n<p><strong>Ricardo \u2018Tuca\u2019 Ferretti,\u00a0<\/strong>expres\u00f3 su opini\u00f3n sobre la reciente pol\u00e9mica del\u00a0<strong>Mundial de Clubes<\/strong>\u00a0que involucra al\u00a0<strong>Le\u00f3n<\/strong>\u00a0y a la\u00a0<strong>FIFA<\/strong>.<\/p>\n\n\n\n<p>En Futbol Picante, el ext\u00e9cnico de Cruz Azul comparti\u00f3 su punto de vista sobre la multipropiedad que hay en la MLS y tambi\u00e9n descarg\u00f3 su molestia con el Am\u00e9rica, se\u00f1alando que son unos descarados.+<\/p>\n\n\n\n<p>Cabe recordar que la FIFA excluy\u00f3 al Le\u00f3n del Mundial de Clubes por un tema de multipropiedad &nbsp;y ahora quiere definir a un nuevo invitado, el cual apunta a estar entre el Club Am\u00e9rica y el LAFC de la MLS.<\/p>\n\n\n\n<p>Esto no le ha gustado del todo a Ferretti es por ello que no se guard\u00f3 nada.<\/p>\n\n\n\n<p>\u201cLa MLS es un sin verg\u00fcenza, porque el que tiene m\u00e1s multipropiedad en todo el mundo es la MLS porque es due\u00f1a de todos los equipos, es un sin verg\u00fcenza hablar de la multipropiedad, es un sin verguenza y el Am\u00e9rica es un descarado, d\u00f3nde est\u00e1 el apoyo al Le\u00f3n en el comunicado (de Am\u00e9rica por la posible invitaci\u00f3n al Mundial de Clubes)\u201d, asegur\u00f3 Ricardo.<\/p>\n\n\n\n<h2 class=\"wp-block-heading\">Comunicado de las \u00e1guilas<\/h2>\n\n\n\n<p>A trav\u00e9s de un comunicado, el Tricampe\u00f3n de la Liga MX revel\u00f3 que no ha sido notificado sobre alguna posibilidad para ir a la justa, sin embargo, acot\u00f3 que en cuanto sepa algo m\u00e1s lo informar\u00e1 de forma inmediata.&nbsp;<\/p>\n\n\n\n<p>\u201cEn relaci\u00f3n con recientes reportes en la prensa, en torno a un posible juego entre el Am\u00e9rica y alg\u00fan otro equipo, para definir qui\u00e9n podr\u00eda ir al Mundial de Clubes, se informa:<\/p>\n\n\n\n<p>\u201cEl Am\u00e9rica no ha sido notificado formalmente por parte de la FIFA, o alguna otra autoridad deportiva, respecto de una posible participaci\u00f3n en el Mundial de Clubes.<\/p>\n\n\n\n<p>\u201cEn caso de existir cualquier informaci\u00f3n relevante, seremos los primeros en darla a conocer a la opini\u00f3n p\u00fablica\u201d, indic\u00f3 el club.&nbsp;<\/p>\n\n\n\n<p><\/p>\n<div class='share-to-whatsapp-wrapper'><div class='share-on-whsp'>Share on: <\/div><a data-text='Tuca Ferretti estalla por la pol\u00e9mica del Mundial de Clubes: \"La MLS y Am\u00e9rica no tienen verg\u00fcenza\"' data-link='https:\/\/portaltactica.com\/?p=93294' class='whatsapp-button whatsapp-share'>WhatsApp<\/a><div class='clear '><\/div><\/div>","protected":false},"excerpt":{"rendered":"<p>Ricardo \u2018Tuca\u2019 Ferretti,\u00a0expres\u00f3 su opini\u00f3n sobre la reciente pol\u00e9mica del\u00a0Mundial de Clubes\u00a0que involucra al\u00a0Le\u00f3n\u00a0y a la\u00a0FIFA. En Futbol Picante, el ext\u00e9cnico&hellip;<\/p>\n","protected":false},"author":2,"featured_media":93295,"comment_status":"closed","ping_status":"closed","sticky":false,"template":"","format":"standard","meta":{"advanced_seo_description":"","jetpack_seo_html_title":"","jetpack_seo_noindex":false,"_jetpack_memberships_contains_paid_content":false,"footnotes":"","jetpack_publicize_message":"","jetpack_publicize_feature_enabled":true,"jetpack_social_post_already_shared":false,"jetpack_social_options":{"image_generator_settings":{"template":"highway","default_image_id":0,"font":"","enabled":false},"version":2}},"categories":[1897],"tags":[],"class_list":["post-93294","post","type-post","status-publish","format-standard","has-post-thumbnail","hentry","category-destacado-nacional"],"jetpack_publicize_connections":[],"jetpack_featured_media_url":"https:\/\/portaltactica.com\/wp-content\/uploads\/2025\/04\/3.jpg","jetpack_sharing_enabled":true,"_links":{"self":[{"href":"https:\/\/portaltactica.com\/index.php?rest_route=\/wp\/v2\/posts\/93294","targetHints":{"allow":["GET"]}}],"collection":[{"href":"https:\/\/portaltactica.com\/index.php?rest_route=\/wp\/v2\/posts"}],"about":[{"href":"https:\/\/portaltactica.com\/index.php?rest_route=\/wp\/v2\/types\/post"}],"author":[{"embeddable":true,"href":"https:\/\/portaltactica.com\/index.php?rest_route=\/wp\/v2\/users\/2"}],"replies":[{"embeddable":true,"href":"https:\/\/portaltactica.com\/index.php?rest_route=%2Fwp%2Fv2%2Fcomments&post=93294"}],"version-history":[{"count":1,"href":"https:\/\/portaltactica.com\/index.php?rest_route=\/wp\/v2\/posts\/93294\/revisions"}],"predecessor-version":[{"id":93296,"href":"https:\/\/portaltactica.com\/index.php?rest_route=\/wp\/v2\/posts\/93294\/revisions\/93296"}],"wp:featuredmedia":[{"embeddable":true,"href":"https:\/\/portaltactica.com\/index.php?rest_route=\/wp\/v2\/media\/93295"}],"wp:attachment":[{"href":"https:\/\/portaltactica.com\/index.php?rest_route=%2Fwp%2Fv2%2Fmedia&parent=93294"}],"wp:term":[{"taxonomy":"category","embeddable":true,"href":"https:\/\/portaltactica.com\/index.php?rest_route=%2Fwp%2Fv2%2Fcategories&post=93294"},{"taxonomy":"post_tag","embeddable":true,"href":"https:\/\/portaltactica.com\/index.php?rest_route=%2Fwp%2Fv2%2Ftags&post=93294"}],"curies":[{"name":"wp","href":"https:\/\/api.w.org\/{rel}","templated":true}]}}