{"id":93266,"date":"2025-03-31T13:37:52","date_gmt":"2025-03-31T20:37:52","guid":{"rendered":"https:\/\/portaltactica.com\/?p=93266"},"modified":"2025-03-31T13:37:54","modified_gmt":"2025-03-31T20:37:54","slug":"si-o-no-america-aclara-su-posicion-respecto-al-mundial-de-clubes","status":"publish","type":"post","link":"https:\/\/portaltactica.com\/?p=93266","title":{"rendered":"\u00bfS\u00ed o no? Am\u00e9rica aclara su posici\u00f3n respecto al Mundial de Clubes"},"content":{"rendered":"\n<p><strong>Am\u00e9rica<\/strong>\u00a0rompi\u00f3 el silencio. Tras varios d\u00edas de especulaciones, las \u00c1guilas ya hablaron sobre la posibilidad de asistir al\u00a0<strong>Mundial de Clubes\u00a0<\/strong>en lugar de Le\u00f3n, equipo que fue excluido por pertenecer al mismo grupo de due\u00f1o que\u00a0<strong>Pachuca<\/strong>.<\/p>\n\n\n\n<p>A trav\u00e9s de un comunicado, el&nbsp;<strong>Tricampe\u00f3n de la Liga MX<\/strong>&nbsp;revel\u00f3 que no ha sido notificado sobre alguna posibilidad para ir a la justa, sin embargo, acot\u00f3 que en cuanto sepa algo m\u00e1s lo informar\u00e1 de forma inmediata.+<\/p>\n\n\n\n<p>\u201cEn relaci\u00f3n con recientes reportes en la prensa, en torno a un posible juego entre el Am\u00e9rica y alg\u00fan otro equipo, para definir qui\u00e9n podr\u00eda ir al Mundial de Clubes, se informa:<\/p>\n\n\n\n<p>\u201cEl Am\u00e9rica no ha sido notificado formalmente por parte de la FIFA, o alguna otra autoridad deportiva, respecto de una posible participaci\u00f3n en el Mundial de Clubes.<\/p>\n\n\n\n<p>\u201cEn caso de existir cualquier informaci\u00f3n relevante, seremos los primeros en darla a conocer a la opini\u00f3n p\u00fablica\u201d, indic\u00f3 el club.<\/p>\n\n\n\n<h2 class=\"wp-block-heading\">Listos para la Concacaf Champions Cup<\/h2>\n\n\n\n<p>\u201cEl equipo se encuentra concentrado y trabajando para buscar el t\u00edtulo en la Copa de Campeones de la CONCACAF y en el torneo Clausura 2025 de la Liga MX\u201d, se lee en el comunicado.<\/p>\n\n\n\n<h2 class=\"wp-block-heading\">\u00bfHay posibilidades de que Am\u00e9rica vaya al Mundial?<\/h2>\n\n\n\n<p>El comunicado de Am\u00e9rica fue publicado luego de la informaci\u00f3n que sali\u00f3 este fin de semana sobre un posible partido entre \u00c1guilas y LAFC para quedarse con el puesto que dej\u00f3 vacante el Le\u00f3n.<\/p>\n\n\n\n<p>Esto se ha manejado como una de las posibilidades para tener a un equipo en el Mundial, aunque cabe se\u00f1alar que hay otras opciones para que se cubra el lugar, mientras que Le\u00f3n lleva la situaci\u00f3n al TAS para tener una respuesta final en este tema.<\/p>\n<div class='share-to-whatsapp-wrapper'><div class='share-on-whsp'>Share on: <\/div><a data-text='\u00bfS\u00ed o no? Am\u00e9rica aclara su posici\u00f3n respecto al Mundial de Clubes' data-link='https:\/\/portaltactica.com\/?p=93266' class='whatsapp-button whatsapp-share'>WhatsApp<\/a><div class='clear '><\/div><\/div>","protected":false},"excerpt":{"rendered":"<p>Am\u00e9rica\u00a0rompi\u00f3 el silencio. Tras varios d\u00edas de especulaciones, las \u00c1guilas ya hablaron sobre la posibilidad de asistir al\u00a0Mundial de Clubes\u00a0en lugar&hellip;<\/p>\n","protected":false},"author":2,"featured_media":93267,"comment_status":"closed","ping_status":"closed","sticky":false,"template":"","format":"standard","meta":{"advanced_seo_description":"","jetpack_seo_html_title":"","jetpack_seo_noindex":false,"_jetpack_memberships_contains_paid_content":false,"footnotes":"","jetpack_publicize_message":"","jetpack_publicize_feature_enabled":true,"jetpack_social_post_already_shared":false,"jetpack_social_options":{"image_generator_settings":{"template":"highway","default_image_id":0,"font":"","enabled":false},"version":2}},"categories":[1896],"tags":[],"class_list":["post-93266","post","type-post","status-publish","format-standard","has-post-thumbnail","hentry","category-destacado-portada"],"jetpack_publicize_connections":[],"jetpack_featured_media_url":"https:\/\/portaltactica.com\/wp-content\/uploads\/2025\/03\/2-8.jpg","jetpack_sharing_enabled":true,"_links":{"self":[{"href":"https:\/\/portaltactica.com\/index.php?rest_route=\/wp\/v2\/posts\/93266","targetHints":{"allow":["GET"]}}],"collection":[{"href":"https:\/\/portaltactica.com\/index.php?rest_route=\/wp\/v2\/posts"}],"about":[{"href":"https:\/\/portaltactica.com\/index.php?rest_route=\/wp\/v2\/types\/post"}],"author":[{"embeddable":true,"href":"https:\/\/portaltactica.com\/index.php?rest_route=\/wp\/v2\/users\/2"}],"replies":[{"embeddable":true,"href":"https:\/\/portaltactica.com\/index.php?rest_route=%2Fwp%2Fv2%2Fcomments&post=93266"}],"version-history":[{"count":1,"href":"https:\/\/portaltactica.com\/index.php?rest_route=\/wp\/v2\/posts\/93266\/revisions"}],"predecessor-version":[{"id":93268,"href":"https:\/\/portaltactica.com\/index.php?rest_route=\/wp\/v2\/posts\/93266\/revisions\/93268"}],"wp:featuredmedia":[{"embeddable":true,"href":"https:\/\/portaltactica.com\/index.php?rest_route=\/wp\/v2\/media\/93267"}],"wp:attachment":[{"href":"https:\/\/portaltactica.com\/index.php?rest_route=%2Fwp%2Fv2%2Fmedia&parent=93266"}],"wp:term":[{"taxonomy":"category","embeddable":true,"href":"https:\/\/portaltactica.com\/index.php?rest_route=%2Fwp%2Fv2%2Fcategories&post=93266"},{"taxonomy":"post_tag","embeddable":true,"href":"https:\/\/portaltactica.com\/index.php?rest_route=%2Fwp%2Fv2%2Ftags&post=93266"}],"curies":[{"name":"wp","href":"https:\/\/api.w.org\/{rel}","templated":true}]}}