{"id":93165,"date":"2025-03-26T15:38:20","date_gmt":"2025-03-26T22:38:20","guid":{"rendered":"https:\/\/portaltactica.com\/?p=93165"},"modified":"2025-03-26T15:38:22","modified_gmt":"2025-03-26T22:38:22","slug":"efrain-juarez-sincero-sobre-su-paso-por-el-america-fue-solo-para-llevar-pan-a-mi-familia","status":"publish","type":"post","link":"https:\/\/portaltactica.com\/?p=93165","title":{"rendered":"Efra\u00edn Ju\u00e1rez sincero sobre su paso por el Am\u00e9rica: \u201cFue solo para llevar pan a mi familia\u201d"},"content":{"rendered":"\n<p>Efra\u00edn Ju\u00e1rez ha vuelto a casa\u00a0y lo ha hecho por la puerta grande para convertirse en entrenador de Pumas, sin embargo, durante su presentaci\u00f3n no dejaron pasar el recordarle cuando visti\u00f3 los colores del Am\u00e9rica como jugador, sin embargo, el timonel se deslind\u00f3 h\u00e1bilmente y mand\u00f3 dardo al Ave.<\/p>\n\n\n\n<p>El exdefensor y ex seleccionado nacional dej\u00f3 claro que jug\u00f3 para el ac\u00e9rrimo rival del equipo que lo vio nacer solamente para llevar comida a casa,&nbsp;<strong>mientras que nunca gener\u00f3 alg\u00fan sentimiento llevando la camiseta de los azulcremas<\/strong>, equipo con el que adem\u00e1s fue campe\u00f3n de Liga MX.<\/p>\n\n\n\n<p>&#8220;Yo pude ponerle un pedazo de pan a mi familia todas las noches, tuve la oportunidad de ir al Am\u00e9rica y ser campe\u00f3n. Entonces, en ese aspecto, hoy que Am\u00e9rica est\u00e9 en esa situaci\u00f3n (ser tricampe\u00f3n),&nbsp;<strong>no me produce nada, porque no tengo ning\u00fan sentimiento hacia ellos<\/strong>&#8220;, declar\u00f3 Ju\u00e1rez en rueda de prensa el domingo.<\/p>\n\n\n\n<h2 class=\"wp-block-heading\">Ju\u00e1rez trabaja a contrarreloj<\/h2>\n\n\n\n<p>El nuevo timonel de los del Pedregal&nbsp;<strong>asegur\u00f3 que est\u00e1 enfocado en el equipo, en cambiarle la cara y sacarlo del mal momento<\/strong>, ah\u00ed radican los objetivos a su llegada: devolver al club a donde debe estar, que es peleando las primeras posiciones y tambi\u00e9n los t\u00edtulos a nivel local e internacional.<\/p>\n\n\n\n<p>&#8220;Yo me preocupo por lo m\u00edo que hoy son los Pumas, que confiaron en m\u00ed, que hoy queremos revertir esta situaci\u00f3n, que hoy quisi\u00e9ramos estar en otros momentos y&nbsp;parte de los objetivos son estos,&nbsp;<strong>recuperar primero a un plantel que est\u00e1 pensado para pelear otras situaciones<\/strong>&#8220;, agreg\u00f3.<\/p>\n\n\n\n<p>Sobre las bajas, Efra se\u00f1al\u00f3: &#8220;<strong>Desafortunadamente hoy tenemos unas situaciones de lesi\u00f3n<\/strong>, que no podemos encontrar un plantel completo. Esos son los objetivos primero para m\u00ed, como t\u00e9cnico, tratar de contar con toda la materia prima&#8221;.<\/p>\n\n\n\n<p>El exentrenador de Atl\u00e9tico Nacional\u00a0se enfrenta a partidos cada tres d\u00edas, ya sea por doble jornada o compromisos por la Concachampions, lo que le impide tener una semana completa de trabajo con el grupo, pero ya sabe c\u00f3mo trabajar\u00e1 lo que se viene para el club.<\/p>\n\n\n\n<p>&#8220;Luego el d\u00eda a d\u00eda: implementar. M\u00e1s all\u00e1 de que no hay tiempo, porque eso tambi\u00e9n hay que entenderlo,<strong>&nbsp;estamos jugando cada tres d\u00edas, de aqu\u00ed a las pr\u00f3ximas dos o tres semanas.<\/strong>&nbsp;Me encantar\u00eda tener tiempo; jugamos ayer, hoy compensamos, los que jugaron ayer recuperan, ma\u00f1ana plan de partido y volvemos el martes&#8221;.<\/p>\n\n\n\n<p>Ser\u00e1 su primera aventura como entrenador en el futbol mexicano e intentar\u00e1 emular a Hugo S\u00e1nchez.<\/p>\n\n\n\n<p>Efra\u00edn Ju\u00e1rez debut\u00f3 con Pumas en 2008, posteriormente jug\u00f3 en Europa para el Celtic y el Real Zaragoza; en la temporada 2012-2013, Am\u00e9rica lo repatri\u00f3, consiguieron el t\u00edtulo del Clausura 2013 antes de que el canterano universitario partiera rumbo a Rayados, donde gan\u00f3 la Copa MX.<\/p>\n<div class='share-to-whatsapp-wrapper'><div class='share-on-whsp'>Share on: <\/div><a data-text='Efra\u00edn Ju\u00e1rez sincero sobre su paso por el Am\u00e9rica: \u201cFue solo para llevar pan a mi familia\u201d' data-link='https:\/\/portaltactica.com\/?p=93165' class='whatsapp-button whatsapp-share'>WhatsApp<\/a><div class='clear '><\/div><\/div>","protected":false},"excerpt":{"rendered":"<p>Efra\u00edn Ju\u00e1rez ha vuelto a casa\u00a0y lo ha hecho por la puerta grande para convertirse en entrenador de Pumas, sin embargo,&hellip;<\/p>\n","protected":false},"author":2,"featured_media":93166,"comment_status":"closed","ping_status":"closed","sticky":false,"template":"","format":"standard","meta":{"advanced_seo_description":"","jetpack_seo_html_title":"","jetpack_seo_noindex":false,"_jetpack_memberships_contains_paid_content":false,"footnotes":"","jetpack_publicize_message":"","jetpack_publicize_feature_enabled":true,"jetpack_social_post_already_shared":false,"jetpack_social_options":{"image_generator_settings":{"template":"highway","default_image_id":0,"font":"","enabled":false},"version":2}},"categories":[1897],"tags":[],"class_list":["post-93165","post","type-post","status-publish","format-standard","has-post-thumbnail","hentry","category-destacado-nacional"],"jetpack_publicize_connections":[],"jetpack_featured_media_url":"https:\/\/portaltactica.com\/wp-content\/uploads\/2025\/03\/6-12-scaled.jpg","jetpack_sharing_enabled":true,"_links":{"self":[{"href":"https:\/\/portaltactica.com\/index.php?rest_route=\/wp\/v2\/posts\/93165","targetHints":{"allow":["GET"]}}],"collection":[{"href":"https:\/\/portaltactica.com\/index.php?rest_route=\/wp\/v2\/posts"}],"about":[{"href":"https:\/\/portaltactica.com\/index.php?rest_route=\/wp\/v2\/types\/post"}],"author":[{"embeddable":true,"href":"https:\/\/portaltactica.com\/index.php?rest_route=\/wp\/v2\/users\/2"}],"replies":[{"embeddable":true,"href":"https:\/\/portaltactica.com\/index.php?rest_route=%2Fwp%2Fv2%2Fcomments&post=93165"}],"version-history":[{"count":1,"href":"https:\/\/portaltactica.com\/index.php?rest_route=\/wp\/v2\/posts\/93165\/revisions"}],"predecessor-version":[{"id":93167,"href":"https:\/\/portaltactica.com\/index.php?rest_route=\/wp\/v2\/posts\/93165\/revisions\/93167"}],"wp:featuredmedia":[{"embeddable":true,"href":"https:\/\/portaltactica.com\/index.php?rest_route=\/wp\/v2\/media\/93166"}],"wp:attachment":[{"href":"https:\/\/portaltactica.com\/index.php?rest_route=%2Fwp%2Fv2%2Fmedia&parent=93165"}],"wp:term":[{"taxonomy":"category","embeddable":true,"href":"https:\/\/portaltactica.com\/index.php?rest_route=%2Fwp%2Fv2%2Fcategories&post=93165"},{"taxonomy":"post_tag","embeddable":true,"href":"https:\/\/portaltactica.com\/index.php?rest_route=%2Fwp%2Fv2%2Ftags&post=93165"}],"curies":[{"name":"wp","href":"https:\/\/api.w.org\/{rel}","templated":true}]}}