{"id":93154,"date":"2025-03-26T14:08:59","date_gmt":"2025-03-26T21:08:59","guid":{"rendered":"https:\/\/portaltactica.com\/?p=93154"},"modified":"2025-03-26T14:09:01","modified_gmt":"2025-03-26T21:09:01","slug":"bayern-munich-pierde-a-alphonso-davies-por-una-dura-lesion","status":"publish","type":"post","link":"https:\/\/portaltactica.com\/?p=93154","title":{"rendered":"Bayern M\u00fanich pierde a Alphonso Davies por una dura lesi\u00f3n"},"content":{"rendered":"\n<p>Malas noticias para el&nbsp;<strong>Bayern Munich<\/strong>.&nbsp;<strong>Alphonso Davies<\/strong>,&nbsp;defensa del conjunto b\u00e1varo,&nbsp;<strong>se pierde lo que resta de la temporada<\/strong>&nbsp;debido a que&nbsp;se&nbsp;<strong>rompi\u00f3 el ligamento cruzado de la rodilla derecha<\/strong>&nbsp;en el encuentro que su equipo nacional disput\u00f3 contra&nbsp;<strong>Estados Unidos,<\/strong>&nbsp;que se sald\u00f3 con victoria de Canad\u00e1 por 2-1.<\/p>\n\n\n\n<p><strong>Davies<\/strong>, que el pasado 4 de febrero renov\u00f3 con el conjunto de la Bundesliga hasta&nbsp;<strong>2030<\/strong>, despu\u00e9s de meses vincul\u00e1ndosele con el&nbsp;<strong>Real Madrid<\/strong>, ser\u00e1 baja por varios meses.<\/p>\n\n\n\n<p>El lateral izquierdo sali\u00f3 del encuentro lesionado cuando no se hab\u00eda cumplido el cuarto de hora del partido y, a su vuelta a&nbsp;<strong>M\u00fanich<\/strong>, el&nbsp;<strong>Bayern&nbsp;<\/strong>ha confirmado la&nbsp;<strong>rotura del ligamento cruzado<\/strong>&nbsp;de la rodilla derecha.<\/p>\n\n\n\n<p>&#8220;Hoy (mi\u00e9rcoles) ser\u00e1 operado. El jugador de 24 a\u00f1os estar\u00e1 varios meses de baja&#8221;, indic\u00f3 el club m\u00e1s laureado del futbol alem\u00e1n.<\/p>\n\n\n\n<p>El&nbsp;<strong>Bayern Munich<\/strong>&nbsp;tambi\u00e9n inform\u00f3 este jueves de la lesi\u00f3n del franc\u00e9s<strong>&nbsp;Dayot Upamecano<\/strong>, al que &#8220;se le han detectado cuerpos libres articulares en la rodilla izquierda&#8221; y ser\u00e1 baja &#8220;varias semanas&#8221;, lament\u00f3 no poder contar con sus jugadores.<\/p>\n\n\n\n<p>&#8220;Durante las pausas internacionales, por desgracia, siempre existe el riesgo de que los&nbsp;<strong>jugadores regresen lesionados;<\/strong>&nbsp;esta vez nos ha afectado de manera especialmente dura. Las<strong>&nbsp;bajas de Alphonso Davies y Dayot Upamecano son muy graves&nbsp;<\/strong>para el Bayern&#8221;, dijo&nbsp;<strong>Max Eberl<\/strong>, director deportivo del club alem\u00e1n.<\/p>\n\n\n\n<p><strong>Upamecano<\/strong>, de 26 a\u00f1os, particip\u00f3 en el encuentro de la Liga de Naciones de la UEFA en el que&nbsp;<strong>Francia&nbsp;<\/strong>se impuso por 5-4 en la tanda de penales a&nbsp;<strong>Croacia<\/strong>.<\/p>\n<div class='share-to-whatsapp-wrapper'><div class='share-on-whsp'>Share on: <\/div><a data-text='Bayern M\u00fanich pierde a Alphonso Davies por una dura lesi\u00f3n' data-link='https:\/\/portaltactica.com\/?p=93154' class='whatsapp-button whatsapp-share'>WhatsApp<\/a><div class='clear '><\/div><\/div>","protected":false},"excerpt":{"rendered":"<p>Malas noticias para el&nbsp;Bayern Munich.&nbsp;Alphonso Davies,&nbsp;defensa del conjunto b\u00e1varo,&nbsp;se pierde lo que resta de la temporada&nbsp;debido a que&nbsp;se&nbsp;rompi\u00f3 el ligamento cruzado&hellip;<\/p>\n","protected":false},"author":2,"featured_media":93156,"comment_status":"closed","ping_status":"closed","sticky":false,"template":"","format":"standard","meta":{"advanced_seo_description":"","jetpack_seo_html_title":"","jetpack_seo_noindex":false,"_jetpack_memberships_contains_paid_content":false,"footnotes":"","jetpack_publicize_message":"","jetpack_publicize_feature_enabled":true,"jetpack_social_post_already_shared":false,"jetpack_social_options":{"image_generator_settings":{"template":"highway","default_image_id":0,"font":"","enabled":false},"version":2}},"categories":[1898],"tags":[],"class_list":["post-93154","post","type-post","status-publish","format-standard","has-post-thumbnail","hentry","category-destacado-internacional"],"jetpack_publicize_connections":[],"jetpack_featured_media_url":"https:\/\/portaltactica.com\/wp-content\/uploads\/2025\/03\/3-8.png","jetpack_sharing_enabled":true,"_links":{"self":[{"href":"https:\/\/portaltactica.com\/index.php?rest_route=\/wp\/v2\/posts\/93154","targetHints":{"allow":["GET"]}}],"collection":[{"href":"https:\/\/portaltactica.com\/index.php?rest_route=\/wp\/v2\/posts"}],"about":[{"href":"https:\/\/portaltactica.com\/index.php?rest_route=\/wp\/v2\/types\/post"}],"author":[{"embeddable":true,"href":"https:\/\/portaltactica.com\/index.php?rest_route=\/wp\/v2\/users\/2"}],"replies":[{"embeddable":true,"href":"https:\/\/portaltactica.com\/index.php?rest_route=%2Fwp%2Fv2%2Fcomments&post=93154"}],"version-history":[{"count":2,"href":"https:\/\/portaltactica.com\/index.php?rest_route=\/wp\/v2\/posts\/93154\/revisions"}],"predecessor-version":[{"id":93157,"href":"https:\/\/portaltactica.com\/index.php?rest_route=\/wp\/v2\/posts\/93154\/revisions\/93157"}],"wp:featuredmedia":[{"embeddable":true,"href":"https:\/\/portaltactica.com\/index.php?rest_route=\/wp\/v2\/media\/93156"}],"wp:attachment":[{"href":"https:\/\/portaltactica.com\/index.php?rest_route=%2Fwp%2Fv2%2Fmedia&parent=93154"}],"wp:term":[{"taxonomy":"category","embeddable":true,"href":"https:\/\/portaltactica.com\/index.php?rest_route=%2Fwp%2Fv2%2Fcategories&post=93154"},{"taxonomy":"post_tag","embeddable":true,"href":"https:\/\/portaltactica.com\/index.php?rest_route=%2Fwp%2Fv2%2Ftags&post=93154"}],"curies":[{"name":"wp","href":"https:\/\/api.w.org\/{rel}","templated":true}]}}