{"id":93112,"date":"2025-03-25T10:35:36","date_gmt":"2025-03-25T17:35:36","guid":{"rendered":"https:\/\/portaltactica.com\/?p=93112"},"modified":"2025-03-25T10:35:37","modified_gmt":"2025-03-25T17:35:37","slug":"paunovic-cambia-de-aires-dirigira-en-europa-tras-su-salida-de-tigres","status":"publish","type":"post","link":"https:\/\/portaltactica.com\/?p=93112","title":{"rendered":"Paunovic cambia de aires: dirigir\u00e1 en Europa tras su salida de Tigres"},"content":{"rendered":"\n<p>A falta de 10 jornadas para el final de la Temporada 2024-2025 de la Segunda Divisi\u00f3n de Espa\u00f1a, Real Oviedo despidi\u00f3 a su t\u00e9cnico Javi Calleja, pues aunque ten\u00eda al equipo en zona de posible ascenso, s\u00f3lo sum\u00f3 un punto en los \u00faltimos cuatro duelos y esto marc\u00f3 su salida.<\/p>\n\n\n\n<p>Ahora, el\u00a0<strong>extimonel de Tigres, Veljko Paunovic<\/strong>, ser\u00e1 el nuevo entrenador del conjunto espa\u00f1ol, que milita en la Segunda Divisi\u00f3n con miras a ascender a LaLiga.<\/p>\n\n\n\n<p>El club est\u00e1 pendiente de anunciar la llegada del serbio, quien firma con este equipo s\u00f3lo por los juegos que restan hasta finalizar la temporada.<\/p>\n\n\n\n<h2 class=\"wp-block-heading\">\u200bReal Oviedo ces\u00f3 a su DT<\/h2>\n\n\n\n<p><strong>Calleja tuvo s\u00f3lo un empate y tres derrotas en las \u00faltimas cuatro jornadas<\/strong>, por lo que el Oviedo comenz\u00f3 a tambalearse de los puestos de ascenso, por lo que terminaron su contrato antes, pues le quedaba todav\u00eda m\u00e1s de un a\u00f1o.<\/p>\n\n\n\n<blockquote class=\"wp-block-quote is-layout-flow wp-block-quote-is-layout-flow\">\n<p>&#8220;El Real Oviedo ha tomado la decisi\u00f3n de resolver el contrato de Javi Calleja como entrenador del primer equipo.&nbsp;El t\u00e9cnico azul,&nbsp;<strong>con contrato hasta el 30 de junio 2026<\/strong>, deja desde este momento de ser entrenador del conjunto de la capital del Principado. De igual manera, el cuerpo t\u00e9cnico que lo acompa\u00f1a tambi\u00e9n finaliza su vinculaci\u00f3n con la entidad carbayona.<\/p>\n<\/blockquote>\n\n\n\n<blockquote class=\"wp-block-quote is-layout-flow wp-block-quote-is-layout-flow\">\n<p>&#8220;El Real Oviedo quiere agradecer a Javi Calleja y a su cuerpo t\u00e9cnico su entrega, profesionalidad y trabajo durante su etapa en el club, dese\u00e1ndoles toda la suerte del mundo en su futuro profesional&#8221;, menciona el comunicado del club.<\/p>\n<\/blockquote>\n\n\n\n<h2 class=\"wp-block-heading\">As\u00ed ces\u00f3 Tigres a Pauno<\/h2>\n\n\n\n<p>Paunovic dirigi\u00f3 a la UANL desde el 9 de junio del 2024 al 2 de marzo del 2025. Estuvo al frente en el banquillo durante 37 encuentros, ganando 21, empatando 6 y perdiendo 10. El equipo marchaba en los primeros lugares de la Liga MX de Clausura 2025 cuando fue cesado de forma inesperada.<\/p>\n\n\n\n<h2 class=\"wp-block-heading\">\u200bPauno llega a Europa<\/h2>\n\n\n\n<p>Paunovic tuvo un paso por Europa como jugador, y como entrenador su historial es con&nbsp;equipos inferiores de la&nbsp;<strong>selecci\u00f3n de Serbia<\/strong>, con quien fue campe\u00f3n del mundo con la Sub 20.&nbsp;<\/p>\n\n\n\n<p>Pas\u00f3 a la MLS para dirigir al<strong>&nbsp;Chicago<\/strong>&nbsp;y manej\u00f3 al&nbsp;<strong>Reading ingl\u00e9s<\/strong>, para luego emigrar a la Liga MX, donde&nbsp;<strong>a Chivas lo llev\u00f3 a la Final<\/strong>, la cual<strong>&nbsp;perdi\u00f3 con Tigres en el Clausura 2023<\/strong>. Un a\u00f1o m\u00e1s tarde, los felinos lo contrataron, pero dur\u00f3 menos del a\u00f1o en el banquillo, ya que fue&nbsp;<strong>cesado el 2 de marzo.<\/strong><\/p>\n\n\n\n<p>Real Oviedo disputar\u00e1 el domingo a las 16:15 horas su pr\u00f3ximo partido, el cual ser\u00e1 frente al&nbsp;<strong>M\u00e1laga en el Carlos Tartiere<\/strong>.<\/p>\n\n\n\n<p>En la tabla no marchan tan mal, tiene<strong>&nbsp;51 puntos en sexto lugar<\/strong>, siendo nueve unidades lo que lo separa del primer sitio que hoy ocupa Levante.<\/p>\n<div class='share-to-whatsapp-wrapper'><div class='share-on-whsp'>Share on: <\/div><a data-text='Paunovic cambia de aires: dirigir\u00e1 en Europa tras su salida de Tigres' data-link='https:\/\/portaltactica.com\/?p=93112' class='whatsapp-button whatsapp-share'>WhatsApp<\/a><div class='clear '><\/div><\/div>","protected":false},"excerpt":{"rendered":"<p>A falta de 10 jornadas para el final de la Temporada 2024-2025 de la Segunda Divisi\u00f3n de Espa\u00f1a, Real Oviedo despidi\u00f3&hellip;<\/p>\n","protected":false},"author":2,"featured_media":93113,"comment_status":"closed","ping_status":"closed","sticky":false,"template":"","format":"standard","meta":{"advanced_seo_description":"","jetpack_seo_html_title":"","jetpack_seo_noindex":false,"_jetpack_memberships_contains_paid_content":false,"footnotes":"","jetpack_publicize_message":"","jetpack_publicize_feature_enabled":true,"jetpack_social_post_already_shared":false,"jetpack_social_options":{"image_generator_settings":{"template":"highway","default_image_id":0,"font":"","enabled":false},"version":2}},"categories":[1898],"tags":[],"class_list":["post-93112","post","type-post","status-publish","format-standard","has-post-thumbnail","hentry","category-destacado-internacional"],"jetpack_publicize_connections":[],"jetpack_featured_media_url":"https:\/\/portaltactica.com\/wp-content\/uploads\/2025\/03\/3-10.jpg","jetpack_sharing_enabled":true,"_links":{"self":[{"href":"https:\/\/portaltactica.com\/index.php?rest_route=\/wp\/v2\/posts\/93112","targetHints":{"allow":["GET"]}}],"collection":[{"href":"https:\/\/portaltactica.com\/index.php?rest_route=\/wp\/v2\/posts"}],"about":[{"href":"https:\/\/portaltactica.com\/index.php?rest_route=\/wp\/v2\/types\/post"}],"author":[{"embeddable":true,"href":"https:\/\/portaltactica.com\/index.php?rest_route=\/wp\/v2\/users\/2"}],"replies":[{"embeddable":true,"href":"https:\/\/portaltactica.com\/index.php?rest_route=%2Fwp%2Fv2%2Fcomments&post=93112"}],"version-history":[{"count":1,"href":"https:\/\/portaltactica.com\/index.php?rest_route=\/wp\/v2\/posts\/93112\/revisions"}],"predecessor-version":[{"id":93114,"href":"https:\/\/portaltactica.com\/index.php?rest_route=\/wp\/v2\/posts\/93112\/revisions\/93114"}],"wp:featuredmedia":[{"embeddable":true,"href":"https:\/\/portaltactica.com\/index.php?rest_route=\/wp\/v2\/media\/93113"}],"wp:attachment":[{"href":"https:\/\/portaltactica.com\/index.php?rest_route=%2Fwp%2Fv2%2Fmedia&parent=93112"}],"wp:term":[{"taxonomy":"category","embeddable":true,"href":"https:\/\/portaltactica.com\/index.php?rest_route=%2Fwp%2Fv2%2Fcategories&post=93112"},{"taxonomy":"post_tag","embeddable":true,"href":"https:\/\/portaltactica.com\/index.php?rest_route=%2Fwp%2Fv2%2Ftags&post=93112"}],"curies":[{"name":"wp","href":"https:\/\/api.w.org\/{rel}","templated":true}]}}