{"id":92939,"date":"2025-03-19T13:59:10","date_gmt":"2025-03-19T20:59:10","guid":{"rendered":"https:\/\/portaltactica.com\/?p=92939"},"modified":"2025-03-19T13:59:13","modified_gmt":"2025-03-19T20:59:13","slug":"champions-league-2027-anuncian-la-ciudad-que-albergara-la-gran-final","status":"publish","type":"post","link":"https:\/\/portaltactica.com\/?p=92939","title":{"rendered":"Champions League 2027: Anuncian la ciudad que albergar\u00e1 la gran final"},"content":{"rendered":"\n<p>El\u00a0<strong>Estadio Riyadh Air Metropolitano<\/strong>, del\u00a0<strong>Atl\u00e9tico de Madrid<\/strong>, albergar\u00e1 la final de la\u00a0Liga de Campeones de 2027, seg\u00fan desvel\u00f3 este mi\u00e9rcoles el presidente de la\u00a0<strong>Real Federaci\u00f3n Espa\u00f1ola de Futbol (RFEF)<\/strong>, Rafael Louz\u00e1n, durante su visita a las obras de ampliaci\u00f3n del Estadio La Cartuja de Sevilla, escenario de la final de la Copa del Rey el pr\u00f3ximo 26 de abril.<\/p>\n\n\n\n<p>El m\u00e1ximo dirigente de la<strong>&nbsp;RFEF<\/strong>&nbsp;afirm\u00f3, en unas declaraciones a los periodistas, que Espa\u00f1a, adem\u00e1s de acoger este a\u00f1o la&nbsp;<strong>final de la Liga Europa<\/strong>&nbsp;en el Nuevo San Mam\u00e9s de Bilbao,&nbsp;<strong>tiene &#8220;garantizada la final de la &#8216;Champions&#8217; de 2027&nbsp;<\/strong>en el Metropolitano&#8221;, que compet\u00eda para ello con la candidatura de Bak\u00fa, la capital de Azerbaiy\u00e1n.<\/p>\n\n\n\n<h2 class=\"wp-block-heading\">El Metropolitano tendr\u00e1 su segunda Final de Champions<\/h2>\n\n\n\n<p>De esta forma, el<strong>&nbsp;Metropolitano<\/strong>&nbsp;acoger\u00e1 su segunda final de la m\u00e1xima competici\u00f3n europea, despu\u00e9s de que fuese la sede de la final de 2019 que disputaron el&nbsp;<strong>Tottenham&nbsp;<\/strong>y el<strong>&nbsp;Liverpool&nbsp;<\/strong>con resultado de 0-2 a favor del Liverpool y goles de Mohamed Salah, en el minuto 2 de penalti, y de Divock Origi, en el minuto 87.<\/p>\n\n\n\n<blockquote class=\"wp-block-quote is-layout-flow wp-block-quote-is-layout-flow\">\n<p>&#8220;Y por qu\u00e9 no pedir -dijo-, con el apoyo de la Federaci\u00f3n Espa\u00f1ola, que<strong>&nbsp;Sevilla pueda acoger&nbsp;<\/strong>alguna de las finales europeas pr\u00f3ximas. Plantearemos (ante la UEFA) esa posibilidad de poder&nbsp;<strong>albergar alguna<\/strong>, porque tenemos el recinto, la ciudad y una infraestructura hotelera fant\u00e1stica para un evento de esas caracter\u00edsticas&#8221;, indic\u00f3&nbsp;<strong>Louz\u00e1n<\/strong>.<\/p>\n<\/blockquote>\n\n\n\n<p>El presidente de la&nbsp;<strong>Federaci\u00f3n Espa\u00f1ola<\/strong>, sin embargo, no precis\u00f3 la fecha ni la competici\u00f3n al no estar a\u00fan definidas para esa hipot\u00e9tica candidatura, ni tampoco ofreci\u00f3 m\u00e1s detalles sobre su anuncio de que<strong>&nbsp;Espa\u00f1a tiene &#8220;garantizada&#8221; la final<\/strong>&nbsp;de la&nbsp;<strong>Liga de Campeones<\/strong>&nbsp;de dentro de dos temporadas, la 2026-27.<\/p>\n\n\n\n<p><strong>Louz\u00e1n, junto con la consejera de Cultura y Deporte de la Junta de Andaluc\u00eda, Patricia del Pozo, visit\u00f3 este mi\u00e9rcoles las obras de ampliaci\u00f3n del grader\u00edo del&nbsp;Estadio La Cartuja, que ejecuta la constructora Heliopol y aumentar\u00e1n su capacidad desde los cerca de 60.000 asientos actuales hasta los 72.000, con lo que ser\u00e1 el tercero de Espa\u00f1a en aforo por detr\u00e1s del&nbsp;Camp Nou&nbsp;y del&nbsp;Santiago Bernab\u00e9u.<\/strong><\/p>\n\n\n\n<p>En estas actuaciones, que ambos responsables aseguraron que estar\u00e1n completamente terminadas para la<strong>&nbsp;final copera&nbsp;<\/strong>del pr\u00f3ximo 26 de abril, trabajan actualmente 500 trabajadores &#8220;a dos turnos&#8221;, precis\u00f3 la consejera, y han supuesto una inversi\u00f3n de 15 millones de euros.<\/p>\n<div class='share-to-whatsapp-wrapper'><div class='share-on-whsp'>Share on: <\/div><a data-text='Champions League 2027: Anuncian la ciudad que albergar\u00e1 la gran final' data-link='https:\/\/portaltactica.com\/?p=92939' class='whatsapp-button whatsapp-share'>WhatsApp<\/a><div class='clear '><\/div><\/div>","protected":false},"excerpt":{"rendered":"<p>El\u00a0Estadio Riyadh Air Metropolitano, del\u00a0Atl\u00e9tico de Madrid, albergar\u00e1 la final de la\u00a0Liga de Campeones de 2027, seg\u00fan desvel\u00f3 este mi\u00e9rcoles el&hellip;<\/p>\n","protected":false},"author":2,"featured_media":92940,"comment_status":"closed","ping_status":"closed","sticky":false,"template":"","format":"standard","meta":{"advanced_seo_description":"","jetpack_seo_html_title":"","jetpack_seo_noindex":false,"_jetpack_memberships_contains_paid_content":false,"footnotes":"","jetpack_publicize_message":"","jetpack_publicize_feature_enabled":true,"jetpack_social_post_already_shared":false,"jetpack_social_options":{"image_generator_settings":{"template":"highway","default_image_id":0,"font":"","enabled":false},"version":2}},"categories":[1896],"tags":[],"class_list":["post-92939","post","type-post","status-publish","format-standard","has-post-thumbnail","hentry","category-destacado-portada"],"jetpack_publicize_connections":[],"jetpack_featured_media_url":"https:\/\/portaltactica.com\/wp-content\/uploads\/2025\/03\/3.jpeg","jetpack_sharing_enabled":true,"_links":{"self":[{"href":"https:\/\/portaltactica.com\/index.php?rest_route=\/wp\/v2\/posts\/92939","targetHints":{"allow":["GET"]}}],"collection":[{"href":"https:\/\/portaltactica.com\/index.php?rest_route=\/wp\/v2\/posts"}],"about":[{"href":"https:\/\/portaltactica.com\/index.php?rest_route=\/wp\/v2\/types\/post"}],"author":[{"embeddable":true,"href":"https:\/\/portaltactica.com\/index.php?rest_route=\/wp\/v2\/users\/2"}],"replies":[{"embeddable":true,"href":"https:\/\/portaltactica.com\/index.php?rest_route=%2Fwp%2Fv2%2Fcomments&post=92939"}],"version-history":[{"count":1,"href":"https:\/\/portaltactica.com\/index.php?rest_route=\/wp\/v2\/posts\/92939\/revisions"}],"predecessor-version":[{"id":92941,"href":"https:\/\/portaltactica.com\/index.php?rest_route=\/wp\/v2\/posts\/92939\/revisions\/92941"}],"wp:featuredmedia":[{"embeddable":true,"href":"https:\/\/portaltactica.com\/index.php?rest_route=\/wp\/v2\/media\/92940"}],"wp:attachment":[{"href":"https:\/\/portaltactica.com\/index.php?rest_route=%2Fwp%2Fv2%2Fmedia&parent=92939"}],"wp:term":[{"taxonomy":"category","embeddable":true,"href":"https:\/\/portaltactica.com\/index.php?rest_route=%2Fwp%2Fv2%2Fcategories&post=92939"},{"taxonomy":"post_tag","embeddable":true,"href":"https:\/\/portaltactica.com\/index.php?rest_route=%2Fwp%2Fv2%2Ftags&post=92939"}],"curies":[{"name":"wp","href":"https:\/\/api.w.org\/{rel}","templated":true}]}}