{"id":92867,"date":"2025-03-17T09:41:28","date_gmt":"2025-03-17T16:41:28","guid":{"rendered":"https:\/\/portaltactica.com\/?p=92867"},"modified":"2025-03-17T09:41:31","modified_gmt":"2025-03-17T16:41:31","slug":"el-tri-ya-esta-en-los-angeles-para-disputar-el-final-four-de-la-nations-league","status":"publish","type":"post","link":"https:\/\/portaltactica.com\/?p=92867","title":{"rendered":"El Tri ya est\u00e1 en Los \u00c1ngeles para disputar el Final Four de la Nations League"},"content":{"rendered":"\n<p>La\u00a0<strong>Selecci\u00f3n Mexicana<\/strong>\u00a0arrib\u00f3 a la ciudad de\u00a0<strong>Los \u00c1ngeles, California<\/strong>, la noche de este domingo para iniciar su concentraci\u00f3n de cara a los primeros partidos oficiales del 2025.<\/p>\n\n\n\n<p>El equipo dirigido por\u00a0<strong>Javier Aguirre<\/strong>\u00a0viaj\u00f3 desde la Ciudad de M\u00e9xico con un grupo de siete jugadores convocados de\u00a0<strong>Cruz Azul<\/strong>,\u00a0<strong>Am\u00e9rica\u00a0<\/strong>y\u00a0<strong>Toluca<\/strong>, respectivamente.\u00a0<\/p>\n\n\n\n<h2 class=\"wp-block-heading\">Resto de convocados se reportar\u00e1 este lunes<\/h2>\n\n\n\n<p>Esta noche el plantel estar\u00e1 conformado por 17 elementos, considerando a los futbolistas que llegan directamente a Estados Unidos. Este lunes reportar\u00e1n a la concentraci\u00f3n el resto de los convocados.&nbsp;<\/p>\n\n\n\n<p>El conjunto del &#8216;Vasco&#8217; Aguirre sostendr\u00e1 su primer entrenamiento este lunes 17 de marzo en las instalaciones del&nbsp;<strong>Dignity Health Sports Park<\/strong>, casa de&nbsp;<strong>LA Galaxy<\/strong>, donde los medios de comunicaci\u00f3n tendr\u00e1n espacio a la toma de aspectos.<\/p>\n\n\n\n<h2 class=\"wp-block-heading\">\u00bfCu\u00e1ndo juega la Selecci\u00f3n Mexicana?&nbsp;<\/h2>\n\n\n\n<p>En esta Fecha FIFA, el Tri enfrentar\u00e1 el&nbsp;<strong>Final Four de la Nations Leagues de Concacaf 2025<\/strong>, en la que en Semifinales se medir\u00e1 a la&nbsp;<strong>Selecci\u00f3n de Canad\u00e1<\/strong>&nbsp;dirigida por Jesse Marsch el pr\u00f3ximo jueves 20 de marzo en el&nbsp;<strong>SoFi Stadium<\/strong>. Ser\u00e1 el domingo 23 del mismo mes cuando M\u00e9xico dispute la Gran Final o el duelo del Tercer Lugar ante&nbsp;<strong>Estados Unidos<\/strong>&nbsp;o&nbsp;<strong>Panam\u00e1&nbsp;<\/strong>en la misma sede.&nbsp;<\/p>\n<div class='share-to-whatsapp-wrapper'><div class='share-on-whsp'>Share on: <\/div><a data-text='El Tri ya est\u00e1 en Los \u00c1ngeles para disputar el Final Four de la Nations League' data-link='https:\/\/portaltactica.com\/?p=92867' class='whatsapp-button whatsapp-share'>WhatsApp<\/a><div class='clear '><\/div><\/div>","protected":false},"excerpt":{"rendered":"<p>La\u00a0Selecci\u00f3n Mexicana\u00a0arrib\u00f3 a la ciudad de\u00a0Los \u00c1ngeles, California, la noche de este domingo para iniciar su concentraci\u00f3n de cara a los&hellip;<\/p>\n","protected":false},"author":2,"featured_media":92868,"comment_status":"closed","ping_status":"closed","sticky":false,"template":"","format":"standard","meta":{"advanced_seo_description":"","jetpack_seo_html_title":"","jetpack_seo_noindex":false,"_jetpack_memberships_contains_paid_content":false,"footnotes":"","jetpack_publicize_message":"","jetpack_publicize_feature_enabled":true,"jetpack_social_post_already_shared":false,"jetpack_social_options":{"image_generator_settings":{"template":"highway","default_image_id":0,"font":"","enabled":false},"version":2}},"categories":[1896],"tags":[],"class_list":["post-92867","post","type-post","status-publish","format-standard","has-post-thumbnail","hentry","category-destacado-portada"],"jetpack_publicize_connections":[],"jetpack_featured_media_url":"https:\/\/portaltactica.com\/wp-content\/uploads\/2025\/03\/5-10.jpg","jetpack_sharing_enabled":true,"_links":{"self":[{"href":"https:\/\/portaltactica.com\/index.php?rest_route=\/wp\/v2\/posts\/92867","targetHints":{"allow":["GET"]}}],"collection":[{"href":"https:\/\/portaltactica.com\/index.php?rest_route=\/wp\/v2\/posts"}],"about":[{"href":"https:\/\/portaltactica.com\/index.php?rest_route=\/wp\/v2\/types\/post"}],"author":[{"embeddable":true,"href":"https:\/\/portaltactica.com\/index.php?rest_route=\/wp\/v2\/users\/2"}],"replies":[{"embeddable":true,"href":"https:\/\/portaltactica.com\/index.php?rest_route=%2Fwp%2Fv2%2Fcomments&post=92867"}],"version-history":[{"count":1,"href":"https:\/\/portaltactica.com\/index.php?rest_route=\/wp\/v2\/posts\/92867\/revisions"}],"predecessor-version":[{"id":92869,"href":"https:\/\/portaltactica.com\/index.php?rest_route=\/wp\/v2\/posts\/92867\/revisions\/92869"}],"wp:featuredmedia":[{"embeddable":true,"href":"https:\/\/portaltactica.com\/index.php?rest_route=\/wp\/v2\/media\/92868"}],"wp:attachment":[{"href":"https:\/\/portaltactica.com\/index.php?rest_route=%2Fwp%2Fv2%2Fmedia&parent=92867"}],"wp:term":[{"taxonomy":"category","embeddable":true,"href":"https:\/\/portaltactica.com\/index.php?rest_route=%2Fwp%2Fv2%2Fcategories&post=92867"},{"taxonomy":"post_tag","embeddable":true,"href":"https:\/\/portaltactica.com\/index.php?rest_route=%2Fwp%2Fv2%2Ftags&post=92867"}],"curies":[{"name":"wp","href":"https:\/\/api.w.org\/{rel}","templated":true}]}}