{"id":91915,"date":"2025-02-11T12:52:32","date_gmt":"2025-02-11T19:52:32","guid":{"rendered":"https:\/\/portaltactica.com\/?p=91915"},"modified":"2025-02-11T12:52:34","modified_gmt":"2025-02-11T19:52:34","slug":"oscar-garcia-feliz-con-chicharito-en-chivas-no-me-puedo-quejar","status":"publish","type":"post","link":"https:\/\/portaltactica.com\/?p=91915","title":{"rendered":"\u00d3scar Garc\u00eda, feliz con \u2018Chicharito\u2019 en Chivas: &#8220;No me puedo quejar&#8221;"},"content":{"rendered":"\n<p>El director t\u00e9cnico de\u00a0<strong>Chivas<\/strong>, \u00d3scar Garc\u00eda se dijo encantado de poder contar con\u00a0<strong>Javier Hern\u00e1ndez<\/strong>, por lo que no tiene queja alguna al respecto, adem\u00e1s de que puntualiz\u00f3 que mientras \u00e9l ha estado en el banquillo siempre ha visto minutos \u201c<strong>Chicharito<\/strong>\u201d<\/p>\n\n\n\n<p>\u201cNo me puedo quejar de Javier (Hern\u00e1ndez), tiene un comportamiento muy bueno, habr\u00e1 momentos que tendr\u00e1 que jugar y que tendr\u00e1 minutos. Ha jugado mucho m\u00e1s este torneo conmigo, que la temporada pasada. Conmigo ha jugado pr\u00e1cticamente todos los partidos, sabe comportarse y la importancia que tiene en el grupo es grande. Estoy encantado de tenerlo en la plantilla\u201d, se\u00f1al\u00f3<\/p>\n\n\n\n<p>De igual manera detall\u00f3 que no sufre con la posibilidad de que pueda salir del&nbsp;<strong>Guadalajara<\/strong>&nbsp;luego de que est\u00e1 consciente de que no va a durar toda la vida, pero entiende el proceso que se vive en un equipo, por lo que espera conseguir los resultados esperados para seguir por mucho tiempo en el&nbsp;<strong>Guadalajara<\/strong>&nbsp;&nbsp;<\/p>\n\n\n\n<p>\u201cNo he sentido nada diferente que no haya pasado en otro club, el proceso como en todos los clubes, soy consciente de que no voy a durar toda la vida, no lo siento as\u00ed, trabajo como si fuera estar toda la vida y no sufro por el tema de que me pueden echar, si es algo que puede pasar si o s\u00ed, puedo sufrir por los resultados o no estar contento, es como la muerte sabes\u201d, agreg\u00f3.<\/p>\n\n\n\n<p>Al final, se dijo conforme con el plantel que tiene actualmente, pese a que no llegaron otros elementos que solicitaron para reforzar su equipo, por lo que ahora espera obtener los mejores resultados.<\/p>\n\n\n\n<p>\u201cEl sentimiento de que todos hicieron el esfuerzo necesario de tener la mejor plantilla posible, al d\u00eda de hoy es la mejor plantilla que puedo tener, porque son los jugadores que tengo. Est\u00e1 en m\u00ed hacerlos mejores y conseguir el mejor &nbsp;nivel individual y colectivo. No pienso nada m\u00e1s que eso, el mercado se acab\u00f3 y ya est\u00e1. Trabajar con los jugadores que tenemos, sacarles el m\u00e1ximo rendimiento que es mi trabajo y esperar que sigan viniendo los resultados como el \u00faltimo partido\u201d, concluy\u00f3.<\/p>\n<div class='share-to-whatsapp-wrapper'><div class='share-on-whsp'>Share on: <\/div><a data-text='\u00d3scar Garc\u00eda, feliz con \u2018Chicharito\u2019 en Chivas: \"No me puedo quejar\"' data-link='https:\/\/portaltactica.com\/?p=91915' class='whatsapp-button whatsapp-share'>WhatsApp<\/a><div class='clear '><\/div><\/div>","protected":false},"excerpt":{"rendered":"<p>El director t\u00e9cnico de\u00a0Chivas, \u00d3scar Garc\u00eda se dijo encantado de poder contar con\u00a0Javier Hern\u00e1ndez, por lo que no tiene queja alguna&hellip;<\/p>\n","protected":false},"author":2,"featured_media":91916,"comment_status":"closed","ping_status":"closed","sticky":false,"template":"","format":"standard","meta":{"advanced_seo_description":"","jetpack_seo_html_title":"","jetpack_seo_noindex":false,"_jetpack_memberships_contains_paid_content":false,"footnotes":"","jetpack_publicize_message":"","jetpack_publicize_feature_enabled":true,"jetpack_social_post_already_shared":false,"jetpack_social_options":{"image_generator_settings":{"template":"highway","default_image_id":0,"font":"","enabled":false},"version":2}},"categories":[1897],"tags":[],"class_list":["post-91915","post","type-post","status-publish","format-standard","has-post-thumbnail","hentry","category-destacado-nacional"],"jetpack_publicize_connections":[],"jetpack_featured_media_url":"https:\/\/portaltactica.com\/wp-content\/uploads\/2025\/02\/4-8.jpg","jetpack_sharing_enabled":true,"_links":{"self":[{"href":"https:\/\/portaltactica.com\/index.php?rest_route=\/wp\/v2\/posts\/91915","targetHints":{"allow":["GET"]}}],"collection":[{"href":"https:\/\/portaltactica.com\/index.php?rest_route=\/wp\/v2\/posts"}],"about":[{"href":"https:\/\/portaltactica.com\/index.php?rest_route=\/wp\/v2\/types\/post"}],"author":[{"embeddable":true,"href":"https:\/\/portaltactica.com\/index.php?rest_route=\/wp\/v2\/users\/2"}],"replies":[{"embeddable":true,"href":"https:\/\/portaltactica.com\/index.php?rest_route=%2Fwp%2Fv2%2Fcomments&post=91915"}],"version-history":[{"count":1,"href":"https:\/\/portaltactica.com\/index.php?rest_route=\/wp\/v2\/posts\/91915\/revisions"}],"predecessor-version":[{"id":91917,"href":"https:\/\/portaltactica.com\/index.php?rest_route=\/wp\/v2\/posts\/91915\/revisions\/91917"}],"wp:featuredmedia":[{"embeddable":true,"href":"https:\/\/portaltactica.com\/index.php?rest_route=\/wp\/v2\/media\/91916"}],"wp:attachment":[{"href":"https:\/\/portaltactica.com\/index.php?rest_route=%2Fwp%2Fv2%2Fmedia&parent=91915"}],"wp:term":[{"taxonomy":"category","embeddable":true,"href":"https:\/\/portaltactica.com\/index.php?rest_route=%2Fwp%2Fv2%2Fcategories&post=91915"},{"taxonomy":"post_tag","embeddable":true,"href":"https:\/\/portaltactica.com\/index.php?rest_route=%2Fwp%2Fv2%2Ftags&post=91915"}],"curies":[{"name":"wp","href":"https:\/\/api.w.org\/{rel}","templated":true}]}}