{"id":91909,"date":"2025-02-11T12:43:31","date_gmt":"2025-02-11T19:43:31","guid":{"rendered":"https:\/\/portaltactica.com\/?p=91909"},"modified":"2025-02-11T12:43:33","modified_gmt":"2025-02-11T19:43:33","slug":"stephano-carrillo-ilusionado-con-el-feyenoord-estoy-aqui-para-dejar-huella","status":"publish","type":"post","link":"https:\/\/portaltactica.com\/?p=91909","title":{"rendered":"Stephano Carrillo ilusionado con el Feyenoord: \u201cEstoy aqu\u00ed para dejar huella\u201d"},"content":{"rendered":"\n<p><strong>Stephano Carrillo<\/strong>\u00a0viaj\u00f3 a\u00a0<strong>Rotterdam<\/strong>\u00a0para unirse al\u00a0<strong>Feyenoord<\/strong>, el juvenil que llega procedente de\u00a0<strong>Santos<\/strong>\u00a0<strong>Laguna<\/strong>\u00a0habl\u00f3 de su llegada al equipo y asegur\u00f3 que busca romper lo logrado por\u00a0<strong>Santiago Gim\u00e9nez<\/strong>.<\/p>\n\n\n\n<h2 class=\"wp-block-heading\">Stephano Carrillo busca haza\u00f1a de Santiago Gim\u00e9nez&nbsp;<\/h2>\n\n\n\n<p>\u201cVoy con la ilusi\u00f3n y con la certeza de que quiero hacer m\u00e1s grande que \u00e9l (Santiago Gim\u00e9nez) hizo all\u00e1. Igualmente, complicado, no es tan sencillo lo que \u00e9l hizo. Claro, es algo complicado, pero vamos con esa meta porque hay que pensar en grande siempre\u201d, asegur\u00f3 para ESPN antes de su partida.&nbsp;<\/p>\n\n\n\n<p>Resalt\u00f3 que lo hecho por\u00a0<strong>Santi Gim\u00e9nez<\/strong>\u00a0abri\u00f3 caminos: \u201cRespeto mucho lo que \u00e9l hizo all\u00e1, dej\u00f3 una gran huella y pues me abre el camino a m\u00ed sinceramente, es algo que de cierta manera se los agradezco y espero hacer m\u00ednimo lo que \u00e9l hizo.\u201d.<\/p>\n\n\n\n<p>Carrillo agradecido con Dios por su llegada<\/p>\n\n\n\n<p>Stephano Carillo apunt\u00f3 que ya hab\u00eda sido enfocado: \u201cBueno, hubo seguimiento desde el Mundial Sub-17, pero igual era complicada la salida,&nbsp;<strong>gracias a Dios&nbsp;<\/strong>se da ahora y ya es algo concreto\u201d.&nbsp;<\/p>\n\n\n\n<p>Finalmente sentenci\u00f3 cu\u00e1l es el objetivo en los pa\u00edses Bajos: \u201cEl objetivo principal ya es adaptarme lo m\u00e1s r\u00e1pido posible, consolidarme en el equipo, ser titular\u201d.<\/p>\n\n\n\n<p>El gol uno de los objetivos claros: \u201c<strong>Empezar a marcar goles&nbsp;<\/strong>que es lo que obviamente yo creo que es lo que siempre he hecho, lo que me caracteriza y por lo que han apostado por m\u00ed, porque soy un jugador que tiene gol, har\u00e9 lo posible para que tenga una gran racha goleadora y dejar huella\u201d.&nbsp;<\/p>\n<div class='share-to-whatsapp-wrapper'><div class='share-on-whsp'>Share on: <\/div><a data-text='Stephano Carrillo ilusionado con el Feyenoord: \u201cEstoy aqu\u00ed para dejar huella\u201d' data-link='https:\/\/portaltactica.com\/?p=91909' class='whatsapp-button whatsapp-share'>WhatsApp<\/a><div class='clear '><\/div><\/div>","protected":false},"excerpt":{"rendered":"<p>Stephano Carrillo\u00a0viaj\u00f3 a\u00a0Rotterdam\u00a0para unirse al\u00a0Feyenoord, el juvenil que llega procedente de\u00a0Santos\u00a0Laguna\u00a0habl\u00f3 de su llegada al equipo y asegur\u00f3 que busca romper&hellip;<\/p>\n","protected":false},"author":2,"featured_media":91910,"comment_status":"closed","ping_status":"closed","sticky":false,"template":"","format":"standard","meta":{"advanced_seo_description":"","jetpack_seo_html_title":"","jetpack_seo_noindex":false,"_jetpack_memberships_contains_paid_content":false,"footnotes":"","jetpack_publicize_message":"","jetpack_publicize_feature_enabled":true,"jetpack_social_post_already_shared":false,"jetpack_social_options":{"image_generator_settings":{"template":"highway","default_image_id":0,"font":"","enabled":false},"version":2}},"categories":[1896],"tags":[],"class_list":["post-91909","post","type-post","status-publish","format-standard","has-post-thumbnail","hentry","category-destacado-portada"],"jetpack_publicize_connections":[],"jetpack_featured_media_url":"https:\/\/portaltactica.com\/wp-content\/uploads\/2025\/02\/2-2.png","jetpack_sharing_enabled":true,"_links":{"self":[{"href":"https:\/\/portaltactica.com\/index.php?rest_route=\/wp\/v2\/posts\/91909","targetHints":{"allow":["GET"]}}],"collection":[{"href":"https:\/\/portaltactica.com\/index.php?rest_route=\/wp\/v2\/posts"}],"about":[{"href":"https:\/\/portaltactica.com\/index.php?rest_route=\/wp\/v2\/types\/post"}],"author":[{"embeddable":true,"href":"https:\/\/portaltactica.com\/index.php?rest_route=\/wp\/v2\/users\/2"}],"replies":[{"embeddable":true,"href":"https:\/\/portaltactica.com\/index.php?rest_route=%2Fwp%2Fv2%2Fcomments&post=91909"}],"version-history":[{"count":1,"href":"https:\/\/portaltactica.com\/index.php?rest_route=\/wp\/v2\/posts\/91909\/revisions"}],"predecessor-version":[{"id":91911,"href":"https:\/\/portaltactica.com\/index.php?rest_route=\/wp\/v2\/posts\/91909\/revisions\/91911"}],"wp:featuredmedia":[{"embeddable":true,"href":"https:\/\/portaltactica.com\/index.php?rest_route=\/wp\/v2\/media\/91910"}],"wp:attachment":[{"href":"https:\/\/portaltactica.com\/index.php?rest_route=%2Fwp%2Fv2%2Fmedia&parent=91909"}],"wp:term":[{"taxonomy":"category","embeddable":true,"href":"https:\/\/portaltactica.com\/index.php?rest_route=%2Fwp%2Fv2%2Fcategories&post=91909"},{"taxonomy":"post_tag","embeddable":true,"href":"https:\/\/portaltactica.com\/index.php?rest_route=%2Fwp%2Fv2%2Ftags&post=91909"}],"curies":[{"name":"wp","href":"https:\/\/api.w.org\/{rel}","templated":true}]}}