{"id":91762,"date":"2025-02-05T12:26:17","date_gmt":"2025-02-05T19:26:17","guid":{"rendered":"https:\/\/portaltactica.com\/?p=91762"},"modified":"2025-02-05T12:26:19","modified_gmt":"2025-02-05T19:26:19","slug":"nuevo-destino-stephano-carrillo-se-une-al-feyenoord","status":"publish","type":"post","link":"https:\/\/portaltactica.com\/?p=91762","title":{"rendered":"\u00a1Nuevo destino! Stephano Carrillo se une al Feyenoord"},"content":{"rendered":"\n<p>El conjunto neerland\u00e9s,\u00a0<strong>Feyenoord\u00a0<\/strong>hizo oficial la llegada del joven canterano de\u00a0<strong>Santos Laguna, Stephano Carrillo<\/strong>, quien firm\u00f3 contrato hasta 2029. El mexicano arrib\u00f3 al equipo de\u00a0<strong>Rotterdam\u00a0<\/strong>luego de la salida de\u00a0<strong>Santiago Gim\u00e9nez<\/strong>\u00a0hacia\u00a0<strong>AC Milan<\/strong>.<\/p>\n\n\n\n<h2 class=\"wp-block-heading\">Nuevo cap\u00edtulo para M\u00e9xico y Feyenoord<\/h2>\n\n\n\n<p><strong>Feyenoord&nbsp;<\/strong>public\u00f3 el anuncio oficial de&nbsp;<strong>Carrillo<\/strong>, el cual lo hicieron al mismo estilo de la despedida a&nbsp;<strong>Santiago Gim\u00e9nez<\/strong>, con un barco que viaja por el&nbsp;<strong>Nuevo R\u00edo Mosa<\/strong>&nbsp;en&nbsp;<strong>Rotterdam<\/strong>. &#8220;Un nuevo mexicano en la ciudad. \u00a1Bienvenido,&nbsp;<strong>Stephano Carrillo<\/strong>!&#8221;, aparece en el video.<\/p>\n\n\n\n<p><strong>Carrillo&nbsp;<\/strong>dio a conocer su calidad como delantero en la Sub 23 de&nbsp;<strong>Santos Laguna<\/strong>, lo que lo llev\u00f3 a debutar en Primera Divisi\u00f3n en el&nbsp;<strong>Clausura 2024<\/strong>, donde consigui\u00f3 anotar un gol en seis partidos disputados. Antes de irse a&nbsp;<strong>Feyenoord<\/strong>, el mexicano disput\u00f3 cuatro encuentros.<\/p>\n\n\n\n<p>Adem\u00e1s,&nbsp;<strong>Carrillo&nbsp;<\/strong>ha formado parte de las categor\u00edas inferiores de la&nbsp;<strong>Selecci\u00f3n Mexicana<\/strong>, donde de igual forma logr\u00f3 llamar la atenci\u00f3n, suficiente para que&nbsp;<strong>Feyenoord&nbsp;<\/strong>mostrara inter\u00e9s en hacerse de los servicios del joven futbolista.<\/p>\n\n\n\n<h2 class=\"wp-block-heading\">Panorama de Feyenoord<\/h2>\n\n\n\n<p>Actualmente,&nbsp;<strong>Feyenoord&nbsp;<\/strong>es quinto lugar de la tabla de la&nbsp;<strong>Eredivisie&nbsp;<\/strong>con 36 unidades. En&nbsp;<strong>Champions League<\/strong>&nbsp;enfrentar\u00e1n al nuevo equipo de&nbsp;<strong>Santiago Gim\u00e9nez, AC Milan<\/strong>, en el Playoff para conseguir el boleto a&nbsp;<strong>Octavos de Final<\/strong>.&nbsp;<\/p>\n\n\n\n<p>Por ahora,&nbsp;<strong>Carrillo&nbsp;<\/strong>a\u00fan se encuentra en&nbsp;<strong>M\u00e9xico<\/strong>, debido a que est\u00e1 a la espera de su residencia y permiso de trabajo, por lo que no est\u00e1 disponible para jugar con el equipo neerland\u00e9s hasta entonces, as\u00ed lo inform\u00f3&nbsp;<strong>Feyenoord<\/strong>.<\/p>\n\n\n\n<p><\/p>\n<div class='share-to-whatsapp-wrapper'><div class='share-on-whsp'>Share on: <\/div><a data-text='\u00a1Nuevo destino! Stephano Carrillo se une al Feyenoord' data-link='https:\/\/portaltactica.com\/?p=91762' class='whatsapp-button whatsapp-share'>WhatsApp<\/a><div class='clear '><\/div><\/div>","protected":false},"excerpt":{"rendered":"<p>El conjunto neerland\u00e9s,\u00a0Feyenoord\u00a0hizo oficial la llegada del joven canterano de\u00a0Santos Laguna, Stephano Carrillo, quien firm\u00f3 contrato hasta 2029. El mexicano arrib\u00f3&hellip;<\/p>\n","protected":false},"author":2,"featured_media":91763,"comment_status":"closed","ping_status":"closed","sticky":false,"template":"","format":"standard","meta":{"advanced_seo_description":"","jetpack_seo_html_title":"","jetpack_seo_noindex":false,"_jetpack_memberships_contains_paid_content":false,"footnotes":"","jetpack_publicize_message":"","jetpack_publicize_feature_enabled":true,"jetpack_social_post_already_shared":false,"jetpack_social_options":{"image_generator_settings":{"template":"highway","default_image_id":0,"font":"","enabled":false},"version":2}},"categories":[1896],"tags":[],"class_list":["post-91762","post","type-post","status-publish","format-standard","has-post-thumbnail","hentry","category-destacado-portada"],"jetpack_publicize_connections":[],"jetpack_featured_media_url":"https:\/\/portaltactica.com\/wp-content\/uploads\/2025\/02\/1-2.png","jetpack_sharing_enabled":true,"_links":{"self":[{"href":"https:\/\/portaltactica.com\/index.php?rest_route=\/wp\/v2\/posts\/91762","targetHints":{"allow":["GET"]}}],"collection":[{"href":"https:\/\/portaltactica.com\/index.php?rest_route=\/wp\/v2\/posts"}],"about":[{"href":"https:\/\/portaltactica.com\/index.php?rest_route=\/wp\/v2\/types\/post"}],"author":[{"embeddable":true,"href":"https:\/\/portaltactica.com\/index.php?rest_route=\/wp\/v2\/users\/2"}],"replies":[{"embeddable":true,"href":"https:\/\/portaltactica.com\/index.php?rest_route=%2Fwp%2Fv2%2Fcomments&post=91762"}],"version-history":[{"count":1,"href":"https:\/\/portaltactica.com\/index.php?rest_route=\/wp\/v2\/posts\/91762\/revisions"}],"predecessor-version":[{"id":91764,"href":"https:\/\/portaltactica.com\/index.php?rest_route=\/wp\/v2\/posts\/91762\/revisions\/91764"}],"wp:featuredmedia":[{"embeddable":true,"href":"https:\/\/portaltactica.com\/index.php?rest_route=\/wp\/v2\/media\/91763"}],"wp:attachment":[{"href":"https:\/\/portaltactica.com\/index.php?rest_route=%2Fwp%2Fv2%2Fmedia&parent=91762"}],"wp:term":[{"taxonomy":"category","embeddable":true,"href":"https:\/\/portaltactica.com\/index.php?rest_route=%2Fwp%2Fv2%2Fcategories&post=91762"},{"taxonomy":"post_tag","embeddable":true,"href":"https:\/\/portaltactica.com\/index.php?rest_route=%2Fwp%2Fv2%2Ftags&post=91762"}],"curies":[{"name":"wp","href":"https:\/\/api.w.org\/{rel}","templated":true}]}}