{"id":91702,"date":"2025-02-03T10:18:33","date_gmt":"2025-02-03T17:18:33","guid":{"rendered":"https:\/\/portaltactica.com\/?p=91702"},"modified":"2025-02-03T10:18:36","modified_gmt":"2025-02-03T17:18:36","slug":"ac-milan-sigue-reforzandose-joao-felix-compartira-vestidor-con-santi-gimenez","status":"publish","type":"post","link":"https:\/\/portaltactica.com\/?p=91702","title":{"rendered":"AC Milan sigue reforz\u00e1ndose: Jo\u00e3o F\u00e9lix compartir\u00e1 vestidor con Santi Gim\u00e9nez"},"content":{"rendered":"\n<p>El mercado de invierno sigue dando de qu\u00e9 hablar.\u00a0<strong>El fichaje de\u00a0Santiago Gim\u00e9nez, procedente del\u00a0Feyenoord\u00a0al\u00a0AC Milan\u00a0no ha sido el \u00fanico movimiento que ha dejado con la boca abierta a m\u00e1s de uno<\/strong>.<\/p>\n\n\n\n<p>Ahora, el conjunto Rossonero est\u00e1 a punto de anunciar el fichaje de un jugador m\u00e1s a sus filas.<strong>&nbsp;Jo\u00e3o F\u00e9lix, el extremo que maravill\u00f3 al mundo antes de su paso por el Atl\u00e9tico de Madrid, llegar\u00e1 al conjunto italiano<\/strong>&nbsp;antes de cerrar la ventana de fichajes de invierno.<\/p>\n\n\n\n<p>Despu\u00e9s de deambular por varios equipos en el viejo continente, F\u00e9lix cont\u00f3 con varios minutos con el&nbsp;<strong>Chelsea<\/strong>. El conjunto londinense, no parece estar convencido con las actuaciones del jugador de 25 a\u00f1os; por eso se ir\u00e1 en calidad de pr\u00e9stamo seg\u00fan Fabrizio Romano.<\/p>\n\n\n\n<p><strong>El salario de F\u00e9lix ser\u00e1 cubierto por el Milan<\/strong>, adem\u00e1s de un paquete de cinco millones de libras por la tarifa del pr\u00e9stamo. Jo\u00e3o solo tiene que hacer los ex\u00e1menes m\u00e9dicos en las pr\u00f3ximas horas para ser oficialmente jugador del club italiano.<\/p>\n\n\n\n<h2 class=\"wp-block-heading\">N\u00fameros de F\u00e9lix actualmente<\/h2>\n\n\n\n<p>El portugu\u00e9s, logr\u00f3 un total de siete dianas con el conjunto que juega en Stamford Bridge; en todas las competencias. En un total de 20 partidos con el conjunto de los&nbsp;<strong>Blues<\/strong>, no consigui\u00f3 destacar.<\/p>\n\n\n\n<p>El joven delantero a\u00fan tiene mucho futuro, pero parece que su carrera ha quedado en un bache despu\u00e9s de no tener los mejores dividendos con el conjunto Colchonero.<\/p>\n\n\n\n<p><\/p>\n<div class='share-to-whatsapp-wrapper'><div class='share-on-whsp'>Share on: <\/div><a data-text='AC Milan sigue reforz\u00e1ndose: Jo\u00e3o F\u00e9lix compartir\u00e1 vestidor con Santi Gim\u00e9nez' data-link='https:\/\/portaltactica.com\/?p=91702' class='whatsapp-button whatsapp-share'>WhatsApp<\/a><div class='clear '><\/div><\/div>","protected":false},"excerpt":{"rendered":"<p>El mercado de invierno sigue dando de qu\u00e9 hablar.\u00a0El fichaje de\u00a0Santiago Gim\u00e9nez, procedente del\u00a0Feyenoord\u00a0al\u00a0AC Milan\u00a0no ha sido el \u00fanico movimiento que&hellip;<\/p>\n","protected":false},"author":2,"featured_media":91703,"comment_status":"closed","ping_status":"closed","sticky":false,"template":"","format":"standard","meta":{"advanced_seo_description":"","jetpack_seo_html_title":"","jetpack_seo_noindex":false,"_jetpack_memberships_contains_paid_content":false,"footnotes":"","jetpack_publicize_message":"","jetpack_publicize_feature_enabled":true,"jetpack_social_post_already_shared":false,"jetpack_social_options":{"image_generator_settings":{"template":"highway","default_image_id":0,"font":"","enabled":false},"version":2}},"categories":[1898],"tags":[],"class_list":["post-91702","post","type-post","status-publish","format-standard","has-post-thumbnail","hentry","category-destacado-internacional"],"jetpack_publicize_connections":[],"jetpack_featured_media_url":"https:\/\/portaltactica.com\/wp-content\/uploads\/2025\/02\/5-1.jpg","jetpack_sharing_enabled":true,"_links":{"self":[{"href":"https:\/\/portaltactica.com\/index.php?rest_route=\/wp\/v2\/posts\/91702","targetHints":{"allow":["GET"]}}],"collection":[{"href":"https:\/\/portaltactica.com\/index.php?rest_route=\/wp\/v2\/posts"}],"about":[{"href":"https:\/\/portaltactica.com\/index.php?rest_route=\/wp\/v2\/types\/post"}],"author":[{"embeddable":true,"href":"https:\/\/portaltactica.com\/index.php?rest_route=\/wp\/v2\/users\/2"}],"replies":[{"embeddable":true,"href":"https:\/\/portaltactica.com\/index.php?rest_route=%2Fwp%2Fv2%2Fcomments&post=91702"}],"version-history":[{"count":1,"href":"https:\/\/portaltactica.com\/index.php?rest_route=\/wp\/v2\/posts\/91702\/revisions"}],"predecessor-version":[{"id":91704,"href":"https:\/\/portaltactica.com\/index.php?rest_route=\/wp\/v2\/posts\/91702\/revisions\/91704"}],"wp:featuredmedia":[{"embeddable":true,"href":"https:\/\/portaltactica.com\/index.php?rest_route=\/wp\/v2\/media\/91703"}],"wp:attachment":[{"href":"https:\/\/portaltactica.com\/index.php?rest_route=%2Fwp%2Fv2%2Fmedia&parent=91702"}],"wp:term":[{"taxonomy":"category","embeddable":true,"href":"https:\/\/portaltactica.com\/index.php?rest_route=%2Fwp%2Fv2%2Fcategories&post=91702"},{"taxonomy":"post_tag","embeddable":true,"href":"https:\/\/portaltactica.com\/index.php?rest_route=%2Fwp%2Fv2%2Ftags&post=91702"}],"curies":[{"name":"wp","href":"https:\/\/api.w.org\/{rel}","templated":true}]}}