{"id":91674,"date":"2025-02-01T09:17:52","date_gmt":"2025-02-01T16:17:52","guid":{"rendered":"https:\/\/portaltactica.com\/?p=91674"},"modified":"2025-02-01T09:17:54","modified_gmt":"2025-02-01T16:17:54","slug":"demichelis-mete-presion-a-la-directiva-de-rayados-por-sergio-ramos","status":"publish","type":"post","link":"https:\/\/portaltactica.com\/?p=91674","title":{"rendered":"Demichelis mete presi\u00f3n a la directiva de Rayados por Sergio Ramos"},"content":{"rendered":"\n<p>Ocho meses y seis d\u00edas han pasado desde el \u00faltimo partido oficial que disput\u00f3\u00a0<strong>Sergio Ramos<\/strong>. Sin embargo, en\u00a0<strong>Rayados de Monterrey<\/strong>\u00a0lo esperan con la ilusi\u00f3n de que ayude a resolver los problemas en defensa.\u00a0<\/p>\n\n\n\n<p>As\u00ed lo extern\u00f3\u00a0<strong>Mart\u00edn Demichelis<\/strong>\u00a0en conferencia de prensa, previo al partido de este s\u00e1bado ante\u00a0<strong>Necaxa<\/strong>, en la Jornada 5 del\u00a0<strong>Clausura 2025<\/strong>. &#8220;Es personalidad, es jerarqu\u00eda, es trayectoria, es historia&#8221;.<\/p>\n\n\n\n<p>&#8220;Es competitividad, que creo que es lo que necesitamos en esa parte del campo. Vivir cada acci\u00f3n como si fuese la \u00faltima, enojarse, que no nos hagan goles. Creo que representa todo eso\u201d, declar\u00f3 Demichelis.<\/p>\n\n\n\n<h2 class=\"wp-block-heading\">Pide Demichelis apurar fichaje de Sergio Ramos<\/h2>\n\n\n\n<p>Este domingo 2 de febrero es el \u00faltimo d\u00eda para que los clubes de la&nbsp;<strong>Liga MX&nbsp;<\/strong>registren jugadores para el Clausura 2025. Y aunque casos espec\u00edficos tienen hasta el 7 de marzo, el estratega espera que la directiva se apure con el exjugador de&nbsp;<strong>Real Madrid<\/strong>,&nbsp;<strong>Sevilla&nbsp;<\/strong>y&nbsp;<strong>PSG<\/strong>.&nbsp;<\/p>\n\n\n\n<p>Los regios han recibido ocho goles en cuatro jornadas, por lo que el estratega argentino sabe que necesitan apuntalar la defensa pronto. &#8220;Ojal\u00e1 llegue lo antes posible y trabaje&#8221;.&nbsp;<\/p>\n\n\n\n<h2 class=\"wp-block-heading\">Edad de Sergio Ramos no afectar\u00e1 en Rayados<\/h2>\n\n\n\n<p>Por \u00faltimo, Demichelis descart\u00f3 que la edad sea un factor en contra, a pesar de que el zaguero es apenas seis a\u00f1os menor que su futuro estratega en Rayados.&nbsp;<\/p>\n\n\n\n<p>&#8220;Es un grand\u00edsimo refuerzo. Estamos muy ilusionados de que as\u00ed sea, porque nos va a elevar en todos los sentidos (&#8230;) Ojal\u00e1 que la Liga MX tenga el honor de contar con un jugador como ese&#8221;, finaliz\u00f3.&nbsp;<\/p>\n<div class='share-to-whatsapp-wrapper'><div class='share-on-whsp'>Share on: <\/div><a data-text='Demichelis mete presi\u00f3n a la directiva de Rayados por Sergio Ramos' data-link='https:\/\/portaltactica.com\/?p=91674' class='whatsapp-button whatsapp-share'>WhatsApp<\/a><div class='clear '><\/div><\/div>","protected":false},"excerpt":{"rendered":"<p>Ocho meses y seis d\u00edas han pasado desde el \u00faltimo partido oficial que disput\u00f3\u00a0Sergio Ramos. Sin embargo, en\u00a0Rayados de Monterrey\u00a0lo esperan&hellip;<\/p>\n","protected":false},"author":2,"featured_media":91675,"comment_status":"closed","ping_status":"closed","sticky":false,"template":"","format":"standard","meta":{"advanced_seo_description":"","jetpack_seo_html_title":"","jetpack_seo_noindex":false,"_jetpack_memberships_contains_paid_content":false,"footnotes":"","jetpack_publicize_message":"","jetpack_publicize_feature_enabled":true,"jetpack_social_post_already_shared":false,"jetpack_social_options":{"image_generator_settings":{"template":"highway","default_image_id":0,"font":"","enabled":false},"version":2}},"categories":[1897],"tags":[],"class_list":["post-91674","post","type-post","status-publish","format-standard","has-post-thumbnail","hentry","category-destacado-nacional"],"jetpack_publicize_connections":[],"jetpack_featured_media_url":"https:\/\/portaltactica.com\/wp-content\/uploads\/2025\/02\/3.png","jetpack_sharing_enabled":true,"_links":{"self":[{"href":"https:\/\/portaltactica.com\/index.php?rest_route=\/wp\/v2\/posts\/91674","targetHints":{"allow":["GET"]}}],"collection":[{"href":"https:\/\/portaltactica.com\/index.php?rest_route=\/wp\/v2\/posts"}],"about":[{"href":"https:\/\/portaltactica.com\/index.php?rest_route=\/wp\/v2\/types\/post"}],"author":[{"embeddable":true,"href":"https:\/\/portaltactica.com\/index.php?rest_route=\/wp\/v2\/users\/2"}],"replies":[{"embeddable":true,"href":"https:\/\/portaltactica.com\/index.php?rest_route=%2Fwp%2Fv2%2Fcomments&post=91674"}],"version-history":[{"count":1,"href":"https:\/\/portaltactica.com\/index.php?rest_route=\/wp\/v2\/posts\/91674\/revisions"}],"predecessor-version":[{"id":91676,"href":"https:\/\/portaltactica.com\/index.php?rest_route=\/wp\/v2\/posts\/91674\/revisions\/91676"}],"wp:featuredmedia":[{"embeddable":true,"href":"https:\/\/portaltactica.com\/index.php?rest_route=\/wp\/v2\/media\/91675"}],"wp:attachment":[{"href":"https:\/\/portaltactica.com\/index.php?rest_route=%2Fwp%2Fv2%2Fmedia&parent=91674"}],"wp:term":[{"taxonomy":"category","embeddable":true,"href":"https:\/\/portaltactica.com\/index.php?rest_route=%2Fwp%2Fv2%2Fcategories&post=91674"},{"taxonomy":"post_tag","embeddable":true,"href":"https:\/\/portaltactica.com\/index.php?rest_route=%2Fwp%2Fv2%2Ftags&post=91674"}],"curies":[{"name":"wp","href":"https:\/\/api.w.org\/{rel}","templated":true}]}}