{"id":91513,"date":"2025-01-27T14:42:05","date_gmt":"2025-01-27T21:42:05","guid":{"rendered":"https:\/\/portaltactica.com\/?p=91513"},"modified":"2025-01-27T14:42:06","modified_gmt":"2025-01-27T21:42:06","slug":"ibrahimovic-expone-la-postura-del-ac-milan-respecto-a-santi-gimenez","status":"publish","type":"post","link":"https:\/\/portaltactica.com\/?p=91513","title":{"rendered":"Ibrahimovic expone la postura del AC Milan respecto a Santi Gim\u00e9nez"},"content":{"rendered":"\n<p><strong>Zlatan Ibrahimovic<\/strong>&nbsp;siempre se caracteriz\u00f3 por dos rasgos a los largo de su fruct\u00edfera carrera: por sus goles y por su dura franqueza al hablar.<\/p>\n\n\n\n<p>Ahora que&nbsp;<strong>Santiago Gim\u00e9nez<\/strong>&nbsp;est\u00e1 en la \u00f3rbita del&nbsp;<strong>AC Milan<\/strong>, donde&nbsp;<em>Ibra<\/em>&nbsp;destac\u00f3 como jugador y ahora se desempe\u00f1a como asesor, fue cuestionado por el delantero surgido de&nbsp;<strong>Cruz Azul<\/strong>.<\/p>\n\n\n\n<h2 class=\"wp-block-heading\">Ibrahimovic: &#8220;Santi Gim\u00e9nez es talento top&#8221;<\/h2>\n\n\n\n<p>Este lunes el equipo de la Serie A present\u00f3 a su nuevo refuerzo, el ingl\u00e9s&nbsp;<strong>Kyle Walker<\/strong>, que deja el&nbsp;<strong>Manchester City de Pep Guardiola<\/strong>, y ah\u00ed Zlatan habl\u00f3 de&nbsp;<strong>Santi Gim\u00e9nez<\/strong>.<\/p>\n\n\n\n<blockquote class=\"wp-block-quote is-layout-flow wp-block-quote-is-layout-flow\">\n<p>Gim\u00e9nez es un talento top con mucho potencial. Todos sabemos lo bueno que es.<\/p>\n<\/blockquote>\n\n\n\n<p>&#8220;No es un mercado f\u00e1cil, estamos trabajando por lo que se necesita, esperamos tener \u00e9xito pero siempre es una batalla.&nbsp;<strong>\u00bfGim\u00e9nez?<\/strong>&nbsp;Es un delantero&nbsp;con gran talento y potencial.&nbsp;<strong>Todo el mundo sabe que es fuerte.<\/strong><\/p>\n\n\n\n<p>&#8220;En el centro del campo tenemos un&nbsp;gran departamento, ah\u00ed somos fuertes. Despu\u00e9s de eso, veamos qu\u00e9 creamos y qu\u00e9 podemos hacer&#8221;, dijo el sueco sobre el atacante de la&nbsp;<strong>Selecci\u00f3n Mexicana<\/strong>.<\/p>\n\n\n\n<h2 class=\"wp-block-heading\">\u00bfC\u00f3mo va el fichaje de Santiago Gim\u00e9nez por el AC Milan?<\/h2>\n\n\n\n<p>De acuerdo con lo que se ha informado, el\u00a0<strong>Feyenoord<\/strong>\u00a0ya rechaz\u00f3 una oferta del\u00a0<strong>Milan<\/strong>\u00a0por unos 30 millones de euros por Santi Gim\u00e9nez y se espera que esta semana los de la\u00a0<strong>Eredivisie<\/strong>\u00a0reciban una nueva propuestaM\u00fanich<\/p>\n\n\n\n<p>Desde la prensa de los&nbsp;<strong>Pa\u00edses Bajos<\/strong>&nbsp;se menciona que el club de&nbsp;<strong>R\u00f3terdam<\/strong>&nbsp;espera unos 40MDE por el mexicano, as\u00ed que los de Italia tendr\u00e1n que hacer un mayor esfuerzo econ\u00f3mico por el delantero.<\/p>\n\n\n\n<p>Se ha reportado que existe ya un acuerdo entre Gim\u00e9nez y el AC Milan, con un contrato de tres a\u00f1os y medio y un sueldo anual cercano a los 3MDE.<\/p>\n<div class='share-to-whatsapp-wrapper'><div class='share-on-whsp'>Share on: <\/div><a data-text='Ibrahimovic expone la postura del AC Milan respecto a Santi Gim\u00e9nez' data-link='https:\/\/portaltactica.com\/?p=91513' class='whatsapp-button whatsapp-share'>WhatsApp<\/a><div class='clear '><\/div><\/div>","protected":false},"excerpt":{"rendered":"<p>Zlatan Ibrahimovic&nbsp;siempre se caracteriz\u00f3 por dos rasgos a los largo de su fruct\u00edfera carrera: por sus goles y por su dura&hellip;<\/p>\n","protected":false},"author":2,"featured_media":91514,"comment_status":"closed","ping_status":"closed","sticky":false,"template":"","format":"standard","meta":{"advanced_seo_description":"","jetpack_seo_html_title":"","jetpack_seo_noindex":false,"_jetpack_memberships_contains_paid_content":false,"footnotes":"","jetpack_publicize_message":"","jetpack_publicize_feature_enabled":true,"jetpack_social_post_already_shared":false,"jetpack_social_options":{"image_generator_settings":{"template":"highway","default_image_id":0,"font":"","enabled":false},"version":2}},"categories":[1898],"tags":[],"class_list":["post-91513","post","type-post","status-publish","format-standard","has-post-thumbnail","hentry","category-destacado-internacional"],"jetpack_publicize_connections":[],"jetpack_featured_media_url":"https:\/\/portaltactica.com\/wp-content\/uploads\/2025\/01\/5-6.png","jetpack_sharing_enabled":true,"_links":{"self":[{"href":"https:\/\/portaltactica.com\/index.php?rest_route=\/wp\/v2\/posts\/91513","targetHints":{"allow":["GET"]}}],"collection":[{"href":"https:\/\/portaltactica.com\/index.php?rest_route=\/wp\/v2\/posts"}],"about":[{"href":"https:\/\/portaltactica.com\/index.php?rest_route=\/wp\/v2\/types\/post"}],"author":[{"embeddable":true,"href":"https:\/\/portaltactica.com\/index.php?rest_route=\/wp\/v2\/users\/2"}],"replies":[{"embeddable":true,"href":"https:\/\/portaltactica.com\/index.php?rest_route=%2Fwp%2Fv2%2Fcomments&post=91513"}],"version-history":[{"count":1,"href":"https:\/\/portaltactica.com\/index.php?rest_route=\/wp\/v2\/posts\/91513\/revisions"}],"predecessor-version":[{"id":91515,"href":"https:\/\/portaltactica.com\/index.php?rest_route=\/wp\/v2\/posts\/91513\/revisions\/91515"}],"wp:featuredmedia":[{"embeddable":true,"href":"https:\/\/portaltactica.com\/index.php?rest_route=\/wp\/v2\/media\/91514"}],"wp:attachment":[{"href":"https:\/\/portaltactica.com\/index.php?rest_route=%2Fwp%2Fv2%2Fmedia&parent=91513"}],"wp:term":[{"taxonomy":"category","embeddable":true,"href":"https:\/\/portaltactica.com\/index.php?rest_route=%2Fwp%2Fv2%2Fcategories&post=91513"},{"taxonomy":"post_tag","embeddable":true,"href":"https:\/\/portaltactica.com\/index.php?rest_route=%2Fwp%2Fv2%2Ftags&post=91513"}],"curies":[{"name":"wp","href":"https:\/\/api.w.org\/{rel}","templated":true}]}}