{"id":91500,"date":"2025-01-27T12:14:07","date_gmt":"2025-01-27T19:14:07","guid":{"rendered":"https:\/\/portaltactica.com\/?p=91500"},"modified":"2025-01-27T12:14:09","modified_gmt":"2025-01-27T19:14:09","slug":"luis-de-la-fuente-extiende-su-contrato-como-seleccionador-de-espana-hasta-2028","status":"publish","type":"post","link":"https:\/\/portaltactica.com\/?p=91500","title":{"rendered":"Luis de la Fuente extiende su contrato como seleccionador de Espa\u00f1a hasta 2028"},"content":{"rendered":"\n<p>El actual seleccionador de Espa\u00f1a,\u00a0<strong>Luis de la Fuente<\/strong>, exhibi\u00f3 en la tarde de este lunes su felicidad tras<strong>\u00a0ampliar su v\u00ednculo\u00a0<\/strong>con la Roja hasta\u00a0<strong>2028<\/strong>, una renovaci\u00f3n que la\u00a0<strong>Real Federaci\u00f3n Espa\u00f1ola de Futbol<\/strong>\u00a0(RFEF), que preside Rafael Louz\u00e1n, hab\u00eda confirmado horas antes.<\/p>\n\n\n\n<p>&#8220;<strong>Estoy feliz de vivir este momento.&nbsp;<\/strong>Si me dejara llevar por la euforia podr\u00eda prometer muchas cosas. Pero<strong>&nbsp;solo prometo ilusi\u00f3n, esfuerzo y trabajo<\/strong>&nbsp;para conseguir los objetivos. Dar todo por conseguir algo. Tenemos mucho potencial futbol\u00edstico pero los rivales tambi\u00e9n&#8221;, declar\u00f3<strong>&nbsp;De la Fuent<\/strong>e en rueda de prensa.<\/p>\n\n\n\n<p>&#8220;Valoro mucho m\u00e1s d\u00f3nde estoy y lo que nos queda por recorrer, y&nbsp;<strong>valoro la presi\u00f3n, soy exigente conmigo<\/strong>, y la que viene de fuera, que es la que tiene que ser, no me afecte tanto. Soy el m\u00e1s autocr\u00edtico y no me da miedo tirarme a la piscina si estoy convencido. Seguir\u00e9 por el mismo camino que nos ha tra\u00eddo hasta aqu\u00ed, tratando de mejorar y crecer&#8221;, prosigui\u00f3 el t\u00e9cnico.<\/p>\n\n\n\n<p><strong>De la Fuente<\/strong>&nbsp;tambi\u00e9n expres\u00f3 que estaba confiado en que las negociaciones llegaran a buen puerto. &#8220;Estaba convencido de d\u00f3nde quer\u00eda estar.&nbsp;<strong>Estoy en mi casa, la RFEF, y muy feliz.&nbsp;<\/strong>Nunca pensamos en otra opci\u00f3n. Agradezco a la RFEF el esfuerzo. Me siento a\u00fan m\u00e1s feliz de lo que estaba por el trato que me han brindado. Se trabaja desde la estabilidad&#8221;, asever\u00f3.<\/p>\n\n\n\n<p>Horas antes, la federaci\u00f3n hab\u00eda oficializado en un comunicado su&nbsp;<strong>renovaci\u00f3n&nbsp;<\/strong>al frente del combinado espa\u00f1ol: &#8220;La Real Federaci\u00f3n Espa\u00f1ola de Futbol ha acordado renovar la confianza del organismo rector en la figura de Luis de la Fuente, quien continuar\u00e1 al frente del combinado nacional como su<strong>&nbsp;seleccionador hasta la finalizaci\u00f3n de la Eurocopa&nbsp;<\/strong>a disputar en el a\u00f1o 2028&#8243;.<\/p>\n\n\n\n<p>El estratega, junto a su cuerpo t\u00e9cnico al completo, que tambi\u00e9n continuar\u00e1 con el equipo, se har\u00e1 cargo de la\u00a0<strong>selecci\u00f3n m\u00e1s all\u00e1 del\u00a0Mundial que se celebrar\u00e1 el pr\u00f3ximo a\u00f1o en Estados Unidos, Canad\u00e1 y M\u00e9xico,<\/strong>\u00a0al mismo tiempo que se asegura la\u00a0<strong>Eurocopa de 2028\u00a0<\/strong>en Reino Unido e Irlanda.<\/p>\n\n\n\n<h2 class=\"wp-block-heading\">\u00bfCu\u00e1nto dinero ganar\u00e1 Luis de la Fuente como DT de Espa\u00f1a?<\/h2>\n\n\n\n<p>Antes de levantar la competici\u00f3n continental de&nbsp;<strong>2024<\/strong>, De la Fuente hab\u00eda prolongado su contrato hasta&nbsp;<strong>2026<\/strong>. Sin embargo, uno de los objetivos de Louz\u00e1n al frente de&nbsp;<strong>la instituci\u00f3n pasaba por seguir apostando por el preparador<\/strong>, de 63 a\u00f1os, y ofrecerle una mejora salarial. Seg\u00fan los medios espa\u00f1oles, su contrato se elevar\u00e1 a<strong>&nbsp;dos millones de euros<\/strong>&nbsp;(casi 2.1 millones de d\u00f3lares) al a\u00f1o.<\/p>\n\n\n\n<h2 class=\"wp-block-heading\">\u00bfQu\u00e9 t\u00edtulos ha conquistado Luis de la Fuente como DT de Espa\u00f1a?<\/h2>\n\n\n\n<p>De la Fuente, que comenz\u00f3 su periplo en la federaci\u00f3n en 2013 cuando se puso al frente de la Sub-18, se convirti\u00f3 en seleccionador de la absoluta el&nbsp;<strong>8 de diciembre de 2022<\/strong>&nbsp;para sustituir a&nbsp;<strong>Luis Enrique.<\/strong><\/p>\n\n\n\n<p>Desde entonces, ha conquistado la<strong>\u00a0Liga de Naciones en 2023\u00a0<\/strong>y la\u00a0<strong>Eurocopa en 2024<\/strong>.\u00a0El pr\u00f3ximo reto del combinado espa\u00f1ol ser\u00e1n los Cuartos de Final de la Liga de Naciones contra Pa\u00edses Bajos, los d\u00edas 20 y 23 de marzo.<\/p>\n<div class='share-to-whatsapp-wrapper'><div class='share-on-whsp'>Share on: <\/div><a data-text='Luis de la Fuente extiende su contrato como seleccionador de Espa\u00f1a hasta 2028' data-link='https:\/\/portaltactica.com\/?p=91500' class='whatsapp-button whatsapp-share'>WhatsApp<\/a><div class='clear '><\/div><\/div>","protected":false},"excerpt":{"rendered":"<p>El actual seleccionador de Espa\u00f1a,\u00a0Luis de la Fuente, exhibi\u00f3 en la tarde de este lunes su felicidad tras\u00a0ampliar su v\u00ednculo\u00a0con la&hellip;<\/p>\n","protected":false},"author":2,"featured_media":91501,"comment_status":"closed","ping_status":"closed","sticky":false,"template":"","format":"standard","meta":{"advanced_seo_description":"","jetpack_seo_html_title":"","jetpack_seo_noindex":false,"_jetpack_memberships_contains_paid_content":false,"footnotes":"","jetpack_publicize_message":"","jetpack_publicize_feature_enabled":true,"jetpack_social_post_already_shared":false,"jetpack_social_options":{"image_generator_settings":{"template":"highway","default_image_id":0,"font":"","enabled":false},"version":2}},"categories":[1896],"tags":[],"class_list":["post-91500","post","type-post","status-publish","format-standard","has-post-thumbnail","hentry","category-destacado-portada"],"jetpack_publicize_connections":[],"jetpack_featured_media_url":"https:\/\/portaltactica.com\/wp-content\/uploads\/2025\/01\/1-7.png","jetpack_sharing_enabled":true,"_links":{"self":[{"href":"https:\/\/portaltactica.com\/index.php?rest_route=\/wp\/v2\/posts\/91500","targetHints":{"allow":["GET"]}}],"collection":[{"href":"https:\/\/portaltactica.com\/index.php?rest_route=\/wp\/v2\/posts"}],"about":[{"href":"https:\/\/portaltactica.com\/index.php?rest_route=\/wp\/v2\/types\/post"}],"author":[{"embeddable":true,"href":"https:\/\/portaltactica.com\/index.php?rest_route=\/wp\/v2\/users\/2"}],"replies":[{"embeddable":true,"href":"https:\/\/portaltactica.com\/index.php?rest_route=%2Fwp%2Fv2%2Fcomments&post=91500"}],"version-history":[{"count":1,"href":"https:\/\/portaltactica.com\/index.php?rest_route=\/wp\/v2\/posts\/91500\/revisions"}],"predecessor-version":[{"id":91502,"href":"https:\/\/portaltactica.com\/index.php?rest_route=\/wp\/v2\/posts\/91500\/revisions\/91502"}],"wp:featuredmedia":[{"embeddable":true,"href":"https:\/\/portaltactica.com\/index.php?rest_route=\/wp\/v2\/media\/91501"}],"wp:attachment":[{"href":"https:\/\/portaltactica.com\/index.php?rest_route=%2Fwp%2Fv2%2Fmedia&parent=91500"}],"wp:term":[{"taxonomy":"category","embeddable":true,"href":"https:\/\/portaltactica.com\/index.php?rest_route=%2Fwp%2Fv2%2Fcategories&post=91500"},{"taxonomy":"post_tag","embeddable":true,"href":"https:\/\/portaltactica.com\/index.php?rest_route=%2Fwp%2Fv2%2Ftags&post=91500"}],"curies":[{"name":"wp","href":"https:\/\/api.w.org\/{rel}","templated":true}]}}