{"id":91457,"date":"2025-01-24T12:57:04","date_gmt":"2025-01-24T19:57:04","guid":{"rendered":"https:\/\/portaltactica.com\/?p=91457"},"modified":"2025-01-24T12:57:07","modified_gmt":"2025-01-24T19:57:07","slug":"a-muerte-con-jardine-israel-reyes-destaca-la-decision-del-dt-de-seguir-en-america","status":"publish","type":"post","link":"https:\/\/portaltactica.com\/?p=91457","title":{"rendered":"\u201cA muerte con Jardine\u201d: Israel Reyes destaca la decisi\u00f3n del DT de seguir en Am\u00e9rica"},"content":{"rendered":"\n<p>A pesar de que la\u00a0oferta de Botafogo\u00a0hac\u00eda\u00a0<strong>Andr\u00e9 Jardine<\/strong>\u00a0era buena en el tema econ\u00f3mico,\u00a0<strong>el estratega brasile\u00f1o no la acept\u00f3 y permaneci\u00f3 en el banquillo de Am\u00e9rica<\/strong>, algo contrario a lo que pas\u00f3 en Cruz Azul y Chivas\u00a0con Mart\u00edn Anselmi y Fernando Gago, respectivamente.<\/p>\n\n\n\n<h2 class=\"wp-block-heading\">\u00bfQu\u00e9 opinan en Am\u00e9rica de la continuidad de Jardin?<\/h2>\n\n\n\n<p>El compromiso mostrado por Jardine hac\u00eda las \u00c1guilas, hizo que&nbsp;<strong>los jugadores del equipo sientan una mayor responsabilidad<\/strong>&nbsp;hacia el estratega y la instituci\u00f3n para levantar este semestre el cuarto t\u00edtulo de liga de manera consecutiva, as\u00ed lo expres\u00f3 Israel Reyes en conferencia de prensa.<\/p>\n\n\n\n<blockquote class=\"wp-block-quote is-layout-flow wp-block-quote-is-layout-flow\">\n<p>\u201cSignific\u00f3 bastante para m\u00ed el hecho de que haya tomado en cuenta a un grupo por lo que es,&nbsp;<strong>por la familia que cre\u00f3 en dos a\u00f1os<\/strong>. Lo hablamos en el vestidor,&nbsp;<strong>no fue una decisi\u00f3n nada f\u00e1cil<\/strong>. El hecho de que te pongan en la mesa tantas cosas llamativas y decidir quedarse porque somos una familia es una palmadita de que est\u00e1 con nosotros a pesar de todo lo que nos puedan poner. Estamos m\u00e1s que a muerte con \u00e9l, es u entrenador incre\u00edble, queremos hacer grandes cosas juntos\u201d.<\/p>\n<\/blockquote>\n\n\n\n<h2 class=\"wp-block-heading\">Sin mayor presi\u00f3n por los resultados de la Sub-23<\/h2>\n\n\n\n<p>Para esta\u00a0Jornada 3 contra Santos, Am\u00e9rica vuelve a la actividad con su primer equipo, luego de que en las primeras dos fechas usaran un equipo Sub-23 para dar descanso a las figuras que consiguieron el tricampeonato.<\/p>\n\n\n\n<blockquote class=\"wp-block-quote is-layout-flow wp-block-quote-is-layout-flow\">\n<p>\u201cYo creo que, m\u00e1s all\u00e1 de presi\u00f3n,&nbsp;<strong>nos da una motivaci\u00f3n porque hicieron las cosas de gran manera siendo j\u00f3venes<\/strong>. Varios no hab\u00edan pisado una cancha de primera divisi\u00f3n. Estaremos cerca de ellos para que sigan creciendo, estando a la altura de lo que es esto. Nosotros felices de que tomen en cuenta la cantera, que les den oportunidades, ver para atr\u00e1s y ver jugadores que pueden crecer\u201d.<\/p>\n<\/blockquote>\n\n\n\n<p>Reyes se dio tiempo de agradecer y resaltar\u00a0el trabajo de los j\u00f3venes del equipo, quienes ganaron y empataron los dos compromisos que disputaron contra Gallos y Tijuana.<\/p>\n\n\n\n<blockquote class=\"wp-block-quote is-layout-flow wp-block-quote-is-layout-flow\">\n<p>\u201cYo creo que nos deja orgullosos por lo que hizo el equipo. Los muchachos trabajaron para representar al Club Am\u00e9rica, eran 90 por ciento chicos y dos o tres compa\u00f1eros apoyando. No podemos hacer menos de lo que hicieron ellos, es importante, dif\u00edcil, estuvieron a la altura del club. De ah\u00ed para arriba nosotros tirarle y seguir ganando\u201d.<\/p>\n<\/blockquote>\n\n\n\n<h2 class=\"wp-block-heading\">Am\u00e9rica tendr\u00e1 un mes cargado de partidos<\/h2>\n\n\n\n<p>El Am\u00e9rica anunci\u00f3 un nuevo partido amistoso en Estados Unidos contra Los \u00c1ngeles FC de la MLS y con este duelo las \u00c1guilas tendr\u00e1n o<strong>cho juegos en menos de un mes entre Liga MX, Champions Cup y amistosos<\/strong>.<\/p>\n\n\n\n<blockquote class=\"wp-block-quote is-layout-flow wp-block-quote-is-layout-flow\">\n<p>\u201cSe pudieron hacer muy bueno las cosas con la pretemporada que plantearon. El a\u00f1o pasado no tuvimos descanso, p<strong>or fin hicimos una pretemporada por todo lo que viene<\/strong>, ser\u00e1 un a\u00f1o cargad\u00edsimo de partidos, con cada semana dobles juegos. Estamos preparados por lo hecho en la pretemporada. Queremos ganar todo y tendremos un a\u00f1o muy ocupado\u201d.<\/p>\n<\/blockquote>\n\n\n\n<p><\/p>\n<div class='share-to-whatsapp-wrapper'><div class='share-on-whsp'>Share on: <\/div><a data-text='\u201cA muerte con Jardine\u201d: Israel Reyes destaca la decisi\u00f3n del DT de seguir en Am\u00e9rica' data-link='https:\/\/portaltactica.com\/?p=91457' class='whatsapp-button whatsapp-share'>WhatsApp<\/a><div class='clear '><\/div><\/div>","protected":false},"excerpt":{"rendered":"<p>A pesar de que la\u00a0oferta de Botafogo\u00a0hac\u00eda\u00a0Andr\u00e9 Jardine\u00a0era buena en el tema econ\u00f3mico,\u00a0el estratega brasile\u00f1o no la acept\u00f3 y permaneci\u00f3 en&hellip;<\/p>\n","protected":false},"author":2,"featured_media":91458,"comment_status":"closed","ping_status":"closed","sticky":false,"template":"","format":"standard","meta":{"advanced_seo_description":"","jetpack_seo_html_title":"","jetpack_seo_noindex":false,"_jetpack_memberships_contains_paid_content":false,"footnotes":"","jetpack_publicize_message":"","jetpack_publicize_feature_enabled":true,"jetpack_social_post_already_shared":false,"jetpack_social_options":{"image_generator_settings":{"template":"highway","default_image_id":0,"font":"","enabled":false},"version":2}},"categories":[1897],"tags":[],"class_list":["post-91457","post","type-post","status-publish","format-standard","has-post-thumbnail","hentry","category-destacado-nacional"],"jetpack_publicize_connections":[],"jetpack_featured_media_url":"https:\/\/portaltactica.com\/wp-content\/uploads\/2025\/01\/7-14.jpg","jetpack_sharing_enabled":true,"_links":{"self":[{"href":"https:\/\/portaltactica.com\/index.php?rest_route=\/wp\/v2\/posts\/91457","targetHints":{"allow":["GET"]}}],"collection":[{"href":"https:\/\/portaltactica.com\/index.php?rest_route=\/wp\/v2\/posts"}],"about":[{"href":"https:\/\/portaltactica.com\/index.php?rest_route=\/wp\/v2\/types\/post"}],"author":[{"embeddable":true,"href":"https:\/\/portaltactica.com\/index.php?rest_route=\/wp\/v2\/users\/2"}],"replies":[{"embeddable":true,"href":"https:\/\/portaltactica.com\/index.php?rest_route=%2Fwp%2Fv2%2Fcomments&post=91457"}],"version-history":[{"count":1,"href":"https:\/\/portaltactica.com\/index.php?rest_route=\/wp\/v2\/posts\/91457\/revisions"}],"predecessor-version":[{"id":91459,"href":"https:\/\/portaltactica.com\/index.php?rest_route=\/wp\/v2\/posts\/91457\/revisions\/91459"}],"wp:featuredmedia":[{"embeddable":true,"href":"https:\/\/portaltactica.com\/index.php?rest_route=\/wp\/v2\/media\/91458"}],"wp:attachment":[{"href":"https:\/\/portaltactica.com\/index.php?rest_route=%2Fwp%2Fv2%2Fmedia&parent=91457"}],"wp:term":[{"taxonomy":"category","embeddable":true,"href":"https:\/\/portaltactica.com\/index.php?rest_route=%2Fwp%2Fv2%2Fcategories&post=91457"},{"taxonomy":"post_tag","embeddable":true,"href":"https:\/\/portaltactica.com\/index.php?rest_route=%2Fwp%2Fv2%2Ftags&post=91457"}],"curies":[{"name":"wp","href":"https:\/\/api.w.org\/{rel}","templated":true}]}}