{"id":91448,"date":"2025-01-24T08:33:14","date_gmt":"2025-01-24T15:33:14","guid":{"rendered":"https:\/\/portaltactica.com\/?p=91448"},"modified":"2025-01-24T08:33:17","modified_gmt":"2025-01-24T15:33:17","slug":"tension-en-cruz-azul-martin-anselmi-viaja-a-europa-sin-acatar-notificacion-legal","status":"publish","type":"post","link":"https:\/\/portaltactica.com\/?p=91448","title":{"rendered":"Tensi\u00f3n en Cruz Azul: Mart\u00edn Anselmi viaja a Europa sin acatar notificaci\u00f3n legal"},"content":{"rendered":"\n<p>El\u00a0<strong>Cruz Azul\u00a0<\/strong>deber\u00e1 tomar acciones legales luego de que el entrenador\u00a0<strong>Mart\u00edn Anselmi\u00a0<\/strong>decidiera tomar el vuelo a\u00a0<strong>Europa<\/strong>\u00a0sin avisarle al equipo.<\/p>\n\n\n\n<p><strong>Hoy viernes 24 de enero,<\/strong>&nbsp;Mart\u00edn Anselmi parti\u00f3 a Portugal desde el Aeropuerto Internacional de la Ciudad de M\u00e9xico, ignorando las advertencias del Cruz Azul.<\/p>\n\n\n\n<p>Hace poco menos de dos d\u00edas, se hab\u00eda empezado a correr el rumor de que Mart\u00edn Anselmi dejar\u00eda al Cruz Azul ya que ten\u00eda un acuerdo con el FC Porto de Portugal.<\/p>\n\n\n\n<p>Sin embargo, la novela avanz\u00f3 muy r\u00e1pido pues el Cruz Azul le notific\u00f3 a\u00a0Mart\u00edn Anselmi\u00a0que si no se presentaba a trabajar, iba a tener consecuencias legales.<\/p>\n\n\n\n<h2 class=\"wp-block-heading\">\u00bfQu\u00e9 consecuencias legales enfrentar\u00e1 Mart\u00edn Anselmi por salir del Cruz Azul?<\/h2>\n\n\n\n<p>El\u00a0<strong>Cruz Azul\u00a0<\/strong>tomar\u00e1 medidas legales despu\u00e9s de que <strong>Mart\u00edn Anselmi\u00a0<\/strong>se fuera a\u00a0<strong>Europa<\/strong>\u00a0y rompiera su compromiso como entrenador de los celestes, teniendo a\u00fan su contrato vigente.<\/p>\n\n\n\n<p>En un comunicado que le hizo llegar el Cruz Azul a Mart\u00edn Anselmi, le avisaron que si no se presentaba a trabajar a la practica de este&nbsp;<strong>viernes 24 de enero<\/strong>, ser\u00e1 tomado en cuenta como una violaci\u00f3n a su acuerdo laboral.<\/p>\n\n\n\n<p>Ante esta situaci\u00f3n, el Cruz Azul presentar\u00eda una denuncia en contra de Mart\u00edn Anselmi. Lo m\u00e1s probable es que no alcance a regresar para su cita en La Noria ya que su vuelo a Portugal se retras\u00f3.<\/p>\n\n\n\n<p>Ya llegar\u00e1 el momento de hablar. Me comunicaron de Porto que hay un acuerdo y que faltan resolver algunos detalles nada m\u00e1s\u201d, dijo\u00a0Mart\u00edn Anselmi\u00a0en el Aeropuerto Internacional de la Ciudad de M\u00e9xico.<\/p>\n\n\n\n<h2 class=\"wp-block-heading\">\u00bfQu\u00e9 dec\u00eda la notificaci\u00f3n que el Cruz Azul le mand\u00f3 a Mart\u00edn Anselmi?<\/h2>\n\n\n\n<p>En el comunicado que el\u00a0<strong>Cruz Azul<\/strong>\u00a0le envi\u00f3 a\u00a0<strong>Mart\u00edn Anselmi\u00a0<\/strong>se le\u00eda lo siguiente:<\/p>\n\n\n\n<p>\u201cEstimado Sr. Anselmi, hacemos referencia a diversas notas publicadas en medios de comunicaci\u00f3n&#8217;, mediante las cuales se da cuenta de su pr\u00f3ximo viaje a Portugal, lo cual no fue notificado al Club y mucho menos autorizado por el mismo.<\/p>\n\n\n\n<p>Lo anterior, ha llamado totalmente nuestra atenci\u00f3n, en virtud de que usted cuenta con un contrato vigente, debidamente registrado en la Federaci\u00f3n Mexicana de F\u00fatbol Asociaci\u00f3n, A.C, y sobre el cual no existe acuerdo alguno de terminaci\u00f3n anticipada, as\u00ed como tampoco un acuerdo de transferencia con un tercer Club.<\/p>\n\n\n\n<p>En virtud de lo anterior, se le solicita que se reintegre de forma inmediata a sus labores, m\u00e1xime existiendo un Torneo en curso y d\u00e9 debido cumplimiento a sus compromisos contractuales.<\/p>\n\n\n\n<p>En caso de que usted no se presente el d\u00eda de ma\u00f1ana en las instalaciones del Club Cruz Azul, domicilio Av. San Pablo n\u00b0 100, Col. La Noria, Alcald\u00eda Xochimilco, C.P. 16030 en la Ciudad de M\u00e9xico, a trav\u00e9s del presente se deja constancia y se le notifica formalmente, que su conducta ser\u00e1 tomada como incumplimiento de su Contrato Deportivo de Trabajo de fecha de 20 de diciembre de 2023, modificado en fecha 29 de abril de 2024, cuya vigencia es al 30 de junio de 2027.<\/p>\n\n\n\n<p>No omitimos mencionar, que en caso de que usted insista en terminar anticipadamente el Contrato de referencia, se estar\u00e1 a lo dispuesto en la Cl\u00e1usula D\u00e9cima Sexta del Convenio Modificatorio de fecha 29 de abril de 2024, la cual aplicar\u00e1 seg\u00fan el supuesto en el que encuadren las razones del abandono de su trabajo en esta instituci\u00f3n.<\/p>\n\n\n\n<p>Lamentamos profundamente este comportamiento de su parte, m\u00e1s a\u00fan cuando esta instituci\u00f3n ha dado siempre debido y cabal cumplimiento a sus obligaciones contractuales, adem\u00e1s de brindarle todo el apoyo para su crecimiento profesional&#8221;, concluy\u00f3 el Cruz Azul en el aviso.<\/p>\n<div class='share-to-whatsapp-wrapper'><div class='share-on-whsp'>Share on: <\/div><a data-text='Tensi\u00f3n en Cruz Azul: Mart\u00edn Anselmi viaja a Europa sin acatar notificaci\u00f3n legal' data-link='https:\/\/portaltactica.com\/?p=91448' class='whatsapp-button whatsapp-share'>WhatsApp<\/a><div class='clear '><\/div><\/div>","protected":false},"excerpt":{"rendered":"<p>El\u00a0Cruz Azul\u00a0deber\u00e1 tomar acciones legales luego de que el entrenador\u00a0Mart\u00edn Anselmi\u00a0decidiera tomar el vuelo a\u00a0Europa\u00a0sin avisarle al equipo. Hoy viernes 24&hellip;<\/p>\n","protected":false},"author":2,"featured_media":91449,"comment_status":"closed","ping_status":"closed","sticky":false,"template":"","format":"standard","meta":{"advanced_seo_description":"","jetpack_seo_html_title":"","jetpack_seo_noindex":false,"_jetpack_memberships_contains_paid_content":false,"footnotes":"","jetpack_publicize_message":"","jetpack_publicize_feature_enabled":true,"jetpack_social_post_already_shared":false,"jetpack_social_options":{"image_generator_settings":{"template":"highway","default_image_id":0,"font":"","enabled":false},"version":2}},"categories":[1896],"tags":[],"class_list":["post-91448","post","type-post","status-publish","format-standard","has-post-thumbnail","hentry","category-destacado-portada"],"jetpack_publicize_connections":[],"jetpack_featured_media_url":"https:\/\/portaltactica.com\/wp-content\/uploads\/2025\/01\/4.avif","jetpack_sharing_enabled":true,"_links":{"self":[{"href":"https:\/\/portaltactica.com\/index.php?rest_route=\/wp\/v2\/posts\/91448","targetHints":{"allow":["GET"]}}],"collection":[{"href":"https:\/\/portaltactica.com\/index.php?rest_route=\/wp\/v2\/posts"}],"about":[{"href":"https:\/\/portaltactica.com\/index.php?rest_route=\/wp\/v2\/types\/post"}],"author":[{"embeddable":true,"href":"https:\/\/portaltactica.com\/index.php?rest_route=\/wp\/v2\/users\/2"}],"replies":[{"embeddable":true,"href":"https:\/\/portaltactica.com\/index.php?rest_route=%2Fwp%2Fv2%2Fcomments&post=91448"}],"version-history":[{"count":1,"href":"https:\/\/portaltactica.com\/index.php?rest_route=\/wp\/v2\/posts\/91448\/revisions"}],"predecessor-version":[{"id":91450,"href":"https:\/\/portaltactica.com\/index.php?rest_route=\/wp\/v2\/posts\/91448\/revisions\/91450"}],"wp:featuredmedia":[{"embeddable":true,"href":"https:\/\/portaltactica.com\/index.php?rest_route=\/wp\/v2\/media\/91449"}],"wp:attachment":[{"href":"https:\/\/portaltactica.com\/index.php?rest_route=%2Fwp%2Fv2%2Fmedia&parent=91448"}],"wp:term":[{"taxonomy":"category","embeddable":true,"href":"https:\/\/portaltactica.com\/index.php?rest_route=%2Fwp%2Fv2%2Fcategories&post=91448"},{"taxonomy":"post_tag","embeddable":true,"href":"https:\/\/portaltactica.com\/index.php?rest_route=%2Fwp%2Fv2%2Ftags&post=91448"}],"curies":[{"name":"wp","href":"https:\/\/api.w.org\/{rel}","templated":true}]}}