{"id":91307,"date":"2025-01-20T08:22:35","date_gmt":"2025-01-20T15:22:35","guid":{"rendered":"https:\/\/portaltactica.com\/?p=91307"},"modified":"2025-01-20T08:22:37","modified_gmt":"2025-01-20T15:22:37","slug":"duro-golpe-carlos-salcedo-sufre-rotura-de-ligamento-en-entrenamiento-con-rayados","status":"publish","type":"post","link":"https:\/\/portaltactica.com\/?p=91307","title":{"rendered":"\u00a1Duro golpe! Carlos Salcedo sufre rotura de ligamento en entrenamiento con Rayados"},"content":{"rendered":"\n<p>Terribles noticias llegan a la pandilla en el arranque de este&nbsp;<strong>Torneo Clausura 2025<\/strong>. Luego de haber perdido la final del anterior certamen ante&nbsp;<strong>Am\u00e9rica<\/strong>, el cuadro de&nbsp;<strong>Monterrey<\/strong>&nbsp;se dispuso a dar una nueva cara a su plantilla con grandes incorporaciones; sin embargo, una de ellas sufri\u00f3 una terrible lesi\u00f3n que&nbsp;<strong>lo hace baja en los siguientes meses.<\/strong><\/p>\n\n\n\n<p>Mediante un comunicado en redes sociales, los&nbsp;<strong>Rayados<\/strong>&nbsp;informaron que su nuevo futbolista,&nbsp;<strong>Carlos<\/strong>&nbsp;<strong>Salcedo<\/strong>, se puso a disposici\u00f3n del entrenador este domingo para vivir su primer entrenamiento, pero en un primer accionar sufri\u00f3 la mencionada lesi\u00f3n que le impedir\u00e1 hacer su debut con el equipo.<\/p>\n\n\n\n<p>\u201cCon un gran compromiso y disposici\u00f3n para integrarse lo m\u00e1s pronto posible al plantel, tras su transferencia definitiva por dos a\u00f1os,<strong>&nbsp;Carlos Salcedo&nbsp;<\/strong>se present\u00f3 a<strong>&nbsp;El Barrial&nbsp;<\/strong>y se puso a disposici\u00f3n del cuerpo t\u00e9cnico. En un hecho fortuito y desafortunado que el Club lamenta profundamente,&nbsp;<strong>el jugador sufri\u00f3 una rotura de ligamento cruzado de la rodilla derecha<\/strong>&nbsp;en una de las acciones en su primer entrenamiento\u201c, se puede leer en el informe del equipo.<\/p>\n\n\n\n<p>Es importante mencionar que por su buen estado f\u00edsico y ritmo de juego, se planeaba que incluso el futbolista fuer parte del equipo que afrontar\u00e1 la&nbsp;<strong>jornada 3<\/strong>&nbsp;del campeonato, pero ahora esto no podr\u00e1 ser, ya que aunque no se ha dado un tiempo estimado de recuperaci\u00f3n, estas lesiones&nbsp;<strong>suelen tardar de seis a siete meses.<\/strong><\/p>\n\n\n\n<h2 class=\"wp-block-heading\"><strong>Carlos Salcedo deja un mensaje en redes sociales<\/strong><\/h2>\n\n\n\n<p>Luego de informarse la condici\u00f3n del jugador, mediante su cuenta de Instagram,&nbsp;<strong>Carlos Salcedo<\/strong>&nbsp;reposte\u00f3 el comunicado agregando la frase&nbsp;<strong>\u201cNada pasa por casualidad\u201d<\/strong>, sumando tambi\u00e9n&nbsp;<strong>\u201cRoto de coraz\u00f3n, pero inquebrantable de mente<\/strong>. 1% y aqu\u00ed vamos; gracias afici\u00f3n de&nbsp;<strong>Rayados<\/strong>&nbsp;por la buena vibra y gracias a los que han escrito un texto de \u00e1nimo\u201d.<\/p>\n<div class='share-to-whatsapp-wrapper'><div class='share-on-whsp'>Share on: <\/div><a data-text='\u00a1Duro golpe! Carlos Salcedo sufre rotura de ligamento en entrenamiento con Rayados' data-link='https:\/\/portaltactica.com\/?p=91307' class='whatsapp-button whatsapp-share'>WhatsApp<\/a><div class='clear '><\/div><\/div>","protected":false},"excerpt":{"rendered":"<p>Terribles noticias llegan a la pandilla en el arranque de este&nbsp;Torneo Clausura 2025. Luego de haber perdido la final del anterior&hellip;<\/p>\n","protected":false},"author":2,"featured_media":91308,"comment_status":"closed","ping_status":"closed","sticky":false,"template":"","format":"standard","meta":{"advanced_seo_description":"","jetpack_seo_html_title":"","jetpack_seo_noindex":false,"_jetpack_memberships_contains_paid_content":false,"footnotes":"","jetpack_publicize_message":"","jetpack_publicize_feature_enabled":true,"jetpack_social_post_already_shared":false,"jetpack_social_options":{"image_generator_settings":{"template":"highway","default_image_id":0,"font":"","enabled":false},"version":2}},"categories":[1897],"tags":[],"class_list":["post-91307","post","type-post","status-publish","format-standard","has-post-thumbnail","hentry","category-destacado-nacional"],"jetpack_publicize_connections":[],"jetpack_featured_media_url":"https:\/\/portaltactica.com\/wp-content\/uploads\/2025\/01\/4-8.jpg","jetpack_sharing_enabled":true,"_links":{"self":[{"href":"https:\/\/portaltactica.com\/index.php?rest_route=\/wp\/v2\/posts\/91307","targetHints":{"allow":["GET"]}}],"collection":[{"href":"https:\/\/portaltactica.com\/index.php?rest_route=\/wp\/v2\/posts"}],"about":[{"href":"https:\/\/portaltactica.com\/index.php?rest_route=\/wp\/v2\/types\/post"}],"author":[{"embeddable":true,"href":"https:\/\/portaltactica.com\/index.php?rest_route=\/wp\/v2\/users\/2"}],"replies":[{"embeddable":true,"href":"https:\/\/portaltactica.com\/index.php?rest_route=%2Fwp%2Fv2%2Fcomments&post=91307"}],"version-history":[{"count":1,"href":"https:\/\/portaltactica.com\/index.php?rest_route=\/wp\/v2\/posts\/91307\/revisions"}],"predecessor-version":[{"id":91309,"href":"https:\/\/portaltactica.com\/index.php?rest_route=\/wp\/v2\/posts\/91307\/revisions\/91309"}],"wp:featuredmedia":[{"embeddable":true,"href":"https:\/\/portaltactica.com\/index.php?rest_route=\/wp\/v2\/media\/91308"}],"wp:attachment":[{"href":"https:\/\/portaltactica.com\/index.php?rest_route=%2Fwp%2Fv2%2Fmedia&parent=91307"}],"wp:term":[{"taxonomy":"category","embeddable":true,"href":"https:\/\/portaltactica.com\/index.php?rest_route=%2Fwp%2Fv2%2Fcategories&post=91307"},{"taxonomy":"post_tag","embeddable":true,"href":"https:\/\/portaltactica.com\/index.php?rest_route=%2Fwp%2Fv2%2Ftags&post=91307"}],"curies":[{"name":"wp","href":"https:\/\/api.w.org\/{rel}","templated":true}]}}