{"id":91228,"date":"2025-01-16T14:25:04","date_gmt":"2025-01-16T21:25:04","guid":{"rendered":"https:\/\/portaltactica.com\/?p=91228"},"modified":"2025-01-16T14:25:07","modified_gmt":"2025-01-16T21:25:07","slug":"tras-anos-de-estar-profugo-la-fgr-atrapa-a-billy-alvarez-expresidente-de-cruz-azul","status":"publish","type":"post","link":"https:\/\/portaltactica.com\/?p=91228","title":{"rendered":"Tras a\u00f1os de estar pr\u00f3fugo, la FGR atrapa a Billy \u00c1lvarez, expresidente de Cruz Azul"},"content":{"rendered":"\n<p>La\u00a0<strong>Fiscal\u00eda General de la Rep\u00fablica<\/strong>\u00a0(FGR) y elementos de\u00a0la Agencia de Investigaci\u00f3n Criminal (AICM)\u00a0capturaron al expresidente de la Cooperativa Cruz Azul,\u00a0<strong>Guillermo \u201cBilly\u201d \u00c1lvarez Cuevas,\u00a0<\/strong>tras casi cinco a\u00f1os de permanecer pr\u00f3fugo de la justicia, revelaron funcionarios del gobierno federal.\u00a0\u00a0<\/p>\n\n\n\n<p><strong>Billy \u00c1lvarez<\/strong>&nbsp;era buscado a nivel federal por los presuntos delitos de delincuencia organizada y operaciones con recursos de procedencia il\u00edcita, y en el fuero com\u00fan por fraude.<\/p>\n\n\n\n<p>En&nbsp;<strong>mayo de 2022<\/strong>, el exdirectivo reapareci\u00f3 a trav\u00e9s de un video difundido en redes sociales donde dijo que lamentaba la situaci\u00f3n en la que se ha visto envuelta la cooperativa. Dijo que no hab\u00eda podido estar cerca de los compa\u00f1eros de su organizaci\u00f3n y mucho menos generar un cambio de impresiones y sobre todo que conozcan su versi\u00f3n de los hechos.<\/p>\n\n\n\n<h2 class=\"wp-block-heading\">\u00bfQu\u00e9 pas\u00f3 con &#8216;Billy&#8217; \u00c1lvarez?<\/h2>\n\n\n\n<p>La orden de captura fue librada por un juez de control del&nbsp;<strong>Centro de Justicia Penal Federal&nbsp;<\/strong>con sede en el penal de m\u00e1xima seguridad del&nbsp;<strong>Altiplano<\/strong>, en el&nbsp;<strong>Estado de M\u00e9xico<\/strong>.&nbsp;<\/p>\n\n\n\n<p>Se espera que en las pr\u00f3ximas horas el exdirectivo del conjunto de&nbsp;<strong>La M\u00e1quina<\/strong>&nbsp;sea presentado ante un juez y trasladado a un centro penitenciario, mismo que hasta el momento de desconoce.<\/p>\n<div class='share-to-whatsapp-wrapper'><div class='share-on-whsp'>Share on: <\/div><a data-text='Tras a\u00f1os de estar pr\u00f3fugo, la FGR atrapa a Billy \u00c1lvarez, expresidente de Cruz Azul' data-link='https:\/\/portaltactica.com\/?p=91228' class='whatsapp-button whatsapp-share'>WhatsApp<\/a><div class='clear '><\/div><\/div>","protected":false},"excerpt":{"rendered":"<p>La\u00a0Fiscal\u00eda General de la Rep\u00fablica\u00a0(FGR) y elementos de\u00a0la Agencia de Investigaci\u00f3n Criminal (AICM)\u00a0capturaron al expresidente de la Cooperativa Cruz Azul,\u00a0Guillermo \u201cBilly\u201d&hellip;<\/p>\n","protected":false},"author":2,"featured_media":91229,"comment_status":"closed","ping_status":"closed","sticky":false,"template":"","format":"standard","meta":{"advanced_seo_description":"","jetpack_seo_html_title":"","jetpack_seo_noindex":false,"_jetpack_memberships_contains_paid_content":false,"footnotes":"","jetpack_publicize_message":"","jetpack_publicize_feature_enabled":true,"jetpack_social_post_already_shared":false,"jetpack_social_options":{"image_generator_settings":{"template":"highway","default_image_id":0,"font":"","enabled":false},"version":2}},"categories":[1897,1896],"tags":[],"class_list":["post-91228","post","type-post","status-publish","format-standard","has-post-thumbnail","hentry","category-destacado-nacional","category-destacado-portada"],"jetpack_publicize_connections":[],"jetpack_featured_media_url":"https:\/\/portaltactica.com\/wp-content\/uploads\/2025\/01\/9-4.jpg","jetpack_sharing_enabled":true,"_links":{"self":[{"href":"https:\/\/portaltactica.com\/index.php?rest_route=\/wp\/v2\/posts\/91228","targetHints":{"allow":["GET"]}}],"collection":[{"href":"https:\/\/portaltactica.com\/index.php?rest_route=\/wp\/v2\/posts"}],"about":[{"href":"https:\/\/portaltactica.com\/index.php?rest_route=\/wp\/v2\/types\/post"}],"author":[{"embeddable":true,"href":"https:\/\/portaltactica.com\/index.php?rest_route=\/wp\/v2\/users\/2"}],"replies":[{"embeddable":true,"href":"https:\/\/portaltactica.com\/index.php?rest_route=%2Fwp%2Fv2%2Fcomments&post=91228"}],"version-history":[{"count":1,"href":"https:\/\/portaltactica.com\/index.php?rest_route=\/wp\/v2\/posts\/91228\/revisions"}],"predecessor-version":[{"id":91230,"href":"https:\/\/portaltactica.com\/index.php?rest_route=\/wp\/v2\/posts\/91228\/revisions\/91230"}],"wp:featuredmedia":[{"embeddable":true,"href":"https:\/\/portaltactica.com\/index.php?rest_route=\/wp\/v2\/media\/91229"}],"wp:attachment":[{"href":"https:\/\/portaltactica.com\/index.php?rest_route=%2Fwp%2Fv2%2Fmedia&parent=91228"}],"wp:term":[{"taxonomy":"category","embeddable":true,"href":"https:\/\/portaltactica.com\/index.php?rest_route=%2Fwp%2Fv2%2Fcategories&post=91228"},{"taxonomy":"post_tag","embeddable":true,"href":"https:\/\/portaltactica.com\/index.php?rest_route=%2Fwp%2Fv2%2Ftags&post=91228"}],"curies":[{"name":"wp","href":"https:\/\/api.w.org\/{rel}","templated":true}]}}