{"id":91175,"date":"2025-01-15T10:25:43","date_gmt":"2025-01-15T17:25:43","guid":{"rendered":"https:\/\/portaltactica.com\/?p=91175"},"modified":"2025-01-15T10:25:45","modified_gmt":"2025-01-15T17:25:45","slug":"no-soy-el-mas-tonto-ancelotti-pone-fin-a-las-criticas-con-contundente-declaracion","status":"publish","type":"post","link":"https:\/\/portaltactica.com\/?p=91175","title":{"rendered":"&#8220;No soy el m\u00e1s tonto&#8221;: Ancelotti pone fin a las cr\u00edticas con contundente declaraci\u00f3n"},"content":{"rendered":"\n<p><strong>Carlo Ancelotti<\/strong>\u00a0respondi\u00f3 a las cr\u00edticas tras la derrota en la final de la\u00a0<strong>Supercopa de Espa\u00f1a<\/strong>\u00a0por 2-5 ante el\u00a0Barcelona\u00a0defendiendo que no es &#8220;el mejor, pero tampoco&#8221; es &#8220;el m\u00e1s tonto&#8221;, al mismo tiempo que, tras ese rev\u00e9s, reconoci\u00f3 que el equipo necesita una &#8220;reacci\u00f3n fuerte&#8221;.<\/p>\n\n\n\n<p>&#8220;No sigo la onda de la cr\u00edtica, un d\u00eda eres el mejor del mundo, el otro d\u00eda eres el m\u00e1s tonto. Afortunadamente, tengo el equilibrio necesario que me ha dado la experiencia en el futbol. Porque si t\u00fa sigues esta onda, no sabes qui\u00e9n eres. Eres el mejor o el m\u00e1s tonto. Yo pienso que no soy el mejor, pero\u00a0<strong>tampoco pienso que soy el m\u00e1s tonto<\/strong>&#8220;, expres\u00f3 en la rueda de prensa previa al duelo de octavos de\u00a0Copa del Rey\u00a0ante el Celta.<\/p>\n\n\n\n<p>El preparador italiano, de 64 a\u00f1os, se sent\u00f3 en la sala de prensa de Valdebebas con rostro serio en una rueda de prensa no tan distendida como acostumbra el de Reggiolo. De hecho, no contest\u00f3 alguna pregunta. &#8220;Esto es una rueda de prensa y no es un debate. El debate ya lo hemos hecho mi cuerpo t\u00e9cnico y mis jugadores para buscar la mejor soluci\u00f3n posible.&nbsp;<strong>Abrir un debate aqu\u00ed no me parece el sitio m\u00e1s indicado<\/strong>&#8220;, defendi\u00f3.<\/p>\n\n\n\n<p>&#8220;<strong>A m\u00ed no me molesta nada<\/strong>, porque el equipo est\u00e1 bien trabajado, trabajamos todos los d\u00edas, estamos concentrados, enchufados en nuestro trabajo, como siempre. Entonces, no me molesta, porque no es la verdad&#8221;, agreg\u00f3 sobre las cr\u00edticas por 2-5 en la final de la Supercopa de Espa\u00f1a el pasado domingo ante el FC Barcelona.<\/p>\n\n\n\n<p>El t\u00e9cnico madridista admiti\u00f3 que la derrota &#8220;es un paso atr\u00e1s&#8221;, aunque advirti\u00f3 que deben &#8220;seguir adelante&#8221;. &#8220;Estamos en todas las competiciones, bien posicionados,&nbsp;<strong>obviamente ha sido un mal partido, hicimos un mont\u00f3n de errores<\/strong>, lo hemos evaluado, valorado, he buscado la soluci\u00f3n. Tenemos que seguir adelante, empezando con el partido de ma\u00f1ana&#8221;, se\u00f1al\u00f3.<\/p>\n\n\n\n<p>&#8220;La falta de compromiso es una falta de compromiso colectivo, no es un compromiso individual. La evaluaci\u00f3n del partido ha sido un mal partido a nivel defensivo en todas las l\u00edneas. Nada m\u00e1s que a\u00f1adir&#8221;, analiz\u00f3 como la raz\u00f3n de la goleada azulgrana en &#8220;un mal partido&#8221; de los blancos.<\/p>\n\n\n\n<p>La plantilla merengue est\u00e1 &#8220;dolida&#8221;, aunque Ancelotti record\u00f3 que ya han ganado &#8220;muchas finales&#8221;. &#8220;A veces,&nbsp;<strong>tienes que pagar la cuenta<\/strong>, y la pagamos en el partido del otro d\u00eda. Ha sido una cuenta cara, pero ha sido un partido. Todo el mundo puede opinar. Yo sigo confiando, total confianza en mis jugadores, sobre todo, en este momento que no est\u00e1n sacando su mejor versi\u00f3n&#8221;, reiter\u00f3.<\/p>\n\n\n\n<h2 class=\"wp-block-heading\"><strong>&#8220;NECESITAMOS UNA REACCI\u00d3N FUERTE&#8221;: ANCELOTTI<\/strong><\/h2>\n\n\n\n<p>&#8220;Es una plantilla que tiene juventud, que tiene energ\u00eda, que tiene calidad, que tiene compromiso, que no siempre es capaz de mostrarlo, pero es una plantilla de absoluto valor. Conf\u00edo totalmente en esta plantilla, hace un mes que ha ganado el Mundial, hace seis meses que ha ganado la Copa de Europa. De momento, est\u00e1 compitiendo en todas las competiciones&#8221;, agreg\u00f3 sobre sus jugadores.<\/p>\n\n\n\n<p>Por ello, Ancelotti repiti\u00f3 que no cambia su idea para este curso, sin revelar su conversaci\u00f3n con el club tras la derrota. &#8220;Solo son discursos que hacemos con el club para intentar sacar lo m\u00e1ximo para tener el&nbsp;<strong>Real Madrid<\/strong>&nbsp;competitivo. Como he dicho, hablar aqu\u00ed de este tema, de lo que yo hablo con el club, no me parece correcto&#8221;, dijo.<\/p>\n<div class='share-to-whatsapp-wrapper'><div class='share-on-whsp'>Share on: <\/div><a data-text='\"No soy el m\u00e1s tonto\": Ancelotti pone fin a las cr\u00edticas con contundente declaraci\u00f3n' data-link='https:\/\/portaltactica.com\/?p=91175' class='whatsapp-button whatsapp-share'>WhatsApp<\/a><div class='clear '><\/div><\/div>","protected":false},"excerpt":{"rendered":"<p>Carlo Ancelotti\u00a0respondi\u00f3 a las cr\u00edticas tras la derrota en la final de la\u00a0Supercopa de Espa\u00f1a\u00a0por 2-5 ante el\u00a0Barcelona\u00a0defendiendo que no es&hellip;<\/p>\n","protected":false},"author":2,"featured_media":91176,"comment_status":"closed","ping_status":"closed","sticky":false,"template":"","format":"standard","meta":{"advanced_seo_description":"","jetpack_seo_html_title":"","jetpack_seo_noindex":false,"_jetpack_memberships_contains_paid_content":false,"footnotes":"","jetpack_publicize_message":"","jetpack_publicize_feature_enabled":true,"jetpack_social_post_already_shared":false,"jetpack_social_options":{"image_generator_settings":{"template":"highway","default_image_id":0,"font":"","enabled":false},"version":2}},"categories":[1898],"tags":[],"class_list":["post-91175","post","type-post","status-publish","format-standard","has-post-thumbnail","hentry","category-destacado-internacional"],"jetpack_publicize_connections":[],"jetpack_featured_media_url":"https:\/\/portaltactica.com\/wp-content\/uploads\/2025\/01\/4-3.png","jetpack_sharing_enabled":true,"_links":{"self":[{"href":"https:\/\/portaltactica.com\/index.php?rest_route=\/wp\/v2\/posts\/91175","targetHints":{"allow":["GET"]}}],"collection":[{"href":"https:\/\/portaltactica.com\/index.php?rest_route=\/wp\/v2\/posts"}],"about":[{"href":"https:\/\/portaltactica.com\/index.php?rest_route=\/wp\/v2\/types\/post"}],"author":[{"embeddable":true,"href":"https:\/\/portaltactica.com\/index.php?rest_route=\/wp\/v2\/users\/2"}],"replies":[{"embeddable":true,"href":"https:\/\/portaltactica.com\/index.php?rest_route=%2Fwp%2Fv2%2Fcomments&post=91175"}],"version-history":[{"count":1,"href":"https:\/\/portaltactica.com\/index.php?rest_route=\/wp\/v2\/posts\/91175\/revisions"}],"predecessor-version":[{"id":91177,"href":"https:\/\/portaltactica.com\/index.php?rest_route=\/wp\/v2\/posts\/91175\/revisions\/91177"}],"wp:featuredmedia":[{"embeddable":true,"href":"https:\/\/portaltactica.com\/index.php?rest_route=\/wp\/v2\/media\/91176"}],"wp:attachment":[{"href":"https:\/\/portaltactica.com\/index.php?rest_route=%2Fwp%2Fv2%2Fmedia&parent=91175"}],"wp:term":[{"taxonomy":"category","embeddable":true,"href":"https:\/\/portaltactica.com\/index.php?rest_route=%2Fwp%2Fv2%2Fcategories&post=91175"},{"taxonomy":"post_tag","embeddable":true,"href":"https:\/\/portaltactica.com\/index.php?rest_route=%2Fwp%2Fv2%2Ftags&post=91175"}],"curies":[{"name":"wp","href":"https:\/\/api.w.org\/{rel}","templated":true}]}}