{"id":91165,"date":"2025-01-15T07:59:44","date_gmt":"2025-01-15T14:59:44","guid":{"rendered":"https:\/\/portaltactica.com\/?p=91165"},"modified":"2025-01-15T07:59:46","modified_gmt":"2025-01-15T14:59:46","slug":"rafa-marquez-admite-que-pedir-jugadores-a-la-liga-mx-fue-un-desafio-tuve-que-rogar","status":"publish","type":"post","link":"https:\/\/portaltactica.com\/?p=91165","title":{"rendered":"Rafa M\u00e1rquez admite que pedir jugadores a la Liga MX fue un desaf\u00edo: \u2018Tuve que rogar\u2019"},"content":{"rendered":"\n<p>La\u00a0Selecci\u00f3n Mexicana\u00a0de futbol tendr\u00e1 dos partidos amistosos en Sudam\u00e9rica contra\u00a0<strong>Internacional de Porto Alegre y River Plate<\/strong>\u00a0en su preparaci\u00f3n para la Copa del Mundo de 2026.<\/p>\n\n\n\n<p>Para estos encuentros&nbsp;<strong>Javier Aguirre y Rafael M\u00e1rquez<\/strong>&nbsp;tuvieron muchas complicaciones para generar su lista de convocados debido a que no es Fecha FIFA y varios clubes no permitieron ir a sus futbolistas a dicho llamado, por lo que gener\u00f3 un fuerte dolor de cabeza a la Federaci\u00f3n Mexicana de Futbol, teniendo que rogarles a los equipos de la Liga MX para dejar ir a algunos seleccionados.<\/p>\n\n\n\n<h2 class=\"wp-block-heading\">Selecci\u00f3n Mexicana tuvo que \u2018rogar\u2019 a los equipos de la Liga MX para dejar ir a sus futbolistas a los partidos&nbsp;<\/h2>\n\n\n\n<p>En el programa<strong>&nbsp;\u201cLa \u00daltima Palabra\u201d<\/strong>&nbsp;transmitido por el canal de televisi\u00f3n Fox Sports,&nbsp;<strong>Carlos Rodrigo Hern\u00e1ndez<\/strong>&nbsp;reportero de la empresa confes\u00f3 todo lo que tuvo que hacer el cuerpo t\u00e9cnico Tricolor para poder formar la lista de convocados, teniendo que \u201csuplicar\u201d hasta el pasado jueves por la noche a los equipos de la Liga MX.<\/p>\n\n\n\n<blockquote class=\"wp-block-quote is-layout-flow wp-block-quote-is-layout-flow\">\n<p>\u201cJavier Aguirre pidi\u00f3 equipos Top de Sudam\u00e9rica, pese a que las condiciones no eran las ideales. El jueves,&nbsp;<strong>Rafa M\u00e1rquez y Duilio Davino estaban habl\u00e1ndole a los equipos para ver a qui\u00e9nes les pod\u00edan prestar, rogando, literalmente.&nbsp;<\/strong>La marca de la Selecci\u00f3n tuvo que entrar para que se pudieran hacer estos partidos\u201d, asegur\u00f3 el periodista desde Brasil.<\/p>\n<\/blockquote>\n\n\n\n<h2 class=\"wp-block-heading\">Inter de Porto Alegre y River Plate NO quer\u00edan jugar contra M\u00e9xico&nbsp;<\/h2>\n\n\n\n<p>De la misma manera, el reportero mencion\u00f3 que&nbsp;<strong>Inter y River no quer\u00edan jugar contra M\u00e9xico&nbsp;<\/strong>porque les supon\u00eda un \u201cestorbo\u201d en sus pretemporadas, aunque terminaron convenci\u00e9ndolos con fuertes sumas de dinero.<\/p>\n\n\n\n<blockquote class=\"wp-block-quote is-layout-flow wp-block-quote-is-layout-flow\">\n<p>\u201c<strong>Inter y River le dec\u00edan a la Federaci\u00f3n que para qu\u00e9 quer\u00edan jugar<\/strong>, ellos est\u00e1n en pretemporada, que no pensaban poner dinero para los juegos. La Federaci\u00f3n tuvo que poner mucho dinero para que los dos clubes aceptaran\u201d, agreg\u00f3.<\/p>\n<\/blockquote>\n\n\n\n<blockquote class=\"wp-block-quote is-layout-flow wp-block-quote-is-layout-flow\">\n<p><strong>\u201cA River Plate no le interesaba en lo absoluto jugar contra la Selecci\u00f3n<\/strong>, no quer\u00edan ni mover sus fechas, pero le llegaron al precio. Incluso, la marca deportiva tuvo que poner otra parte del dinero para venir a Sudam\u00e9rica\u201d, finaliz\u00f3 Carlos Rodrigo Hern\u00e1ndez.<\/p>\n<\/blockquote>\n\n\n\n<p><\/p>\n<div class='share-to-whatsapp-wrapper'><div class='share-on-whsp'>Share on: <\/div><a data-text='Rafa M\u00e1rquez admite que pedir jugadores a la Liga MX fue un desaf\u00edo: \u2018Tuve que rogar\u2019' data-link='https:\/\/portaltactica.com\/?p=91165' class='whatsapp-button whatsapp-share'>WhatsApp<\/a><div class='clear '><\/div><\/div>","protected":false},"excerpt":{"rendered":"<p>La\u00a0Selecci\u00f3n Mexicana\u00a0de futbol tendr\u00e1 dos partidos amistosos en Sudam\u00e9rica contra\u00a0Internacional de Porto Alegre y River Plate\u00a0en su preparaci\u00f3n para la Copa&hellip;<\/p>\n","protected":false},"author":2,"featured_media":91167,"comment_status":"closed","ping_status":"closed","sticky":false,"template":"","format":"standard","meta":{"advanced_seo_description":"","jetpack_seo_html_title":"","jetpack_seo_noindex":false,"_jetpack_memberships_contains_paid_content":false,"footnotes":"","jetpack_publicize_message":"","jetpack_publicize_feature_enabled":true,"jetpack_social_post_already_shared":false,"jetpack_social_options":{"image_generator_settings":{"template":"highway","default_image_id":0,"font":"","enabled":false},"version":2}},"categories":[1897],"tags":[],"class_list":["post-91165","post","type-post","status-publish","format-standard","has-post-thumbnail","hentry","category-destacado-nacional"],"jetpack_publicize_connections":[],"jetpack_featured_media_url":"https:\/\/portaltactica.com\/wp-content\/uploads\/2025\/01\/1-7.jpg","jetpack_sharing_enabled":true,"_links":{"self":[{"href":"https:\/\/portaltactica.com\/index.php?rest_route=\/wp\/v2\/posts\/91165","targetHints":{"allow":["GET"]}}],"collection":[{"href":"https:\/\/portaltactica.com\/index.php?rest_route=\/wp\/v2\/posts"}],"about":[{"href":"https:\/\/portaltactica.com\/index.php?rest_route=\/wp\/v2\/types\/post"}],"author":[{"embeddable":true,"href":"https:\/\/portaltactica.com\/index.php?rest_route=\/wp\/v2\/users\/2"}],"replies":[{"embeddable":true,"href":"https:\/\/portaltactica.com\/index.php?rest_route=%2Fwp%2Fv2%2Fcomments&post=91165"}],"version-history":[{"count":2,"href":"https:\/\/portaltactica.com\/index.php?rest_route=\/wp\/v2\/posts\/91165\/revisions"}],"predecessor-version":[{"id":91168,"href":"https:\/\/portaltactica.com\/index.php?rest_route=\/wp\/v2\/posts\/91165\/revisions\/91168"}],"wp:featuredmedia":[{"embeddable":true,"href":"https:\/\/portaltactica.com\/index.php?rest_route=\/wp\/v2\/media\/91167"}],"wp:attachment":[{"href":"https:\/\/portaltactica.com\/index.php?rest_route=%2Fwp%2Fv2%2Fmedia&parent=91165"}],"wp:term":[{"taxonomy":"category","embeddable":true,"href":"https:\/\/portaltactica.com\/index.php?rest_route=%2Fwp%2Fv2%2Fcategories&post=91165"},{"taxonomy":"post_tag","embeddable":true,"href":"https:\/\/portaltactica.com\/index.php?rest_route=%2Fwp%2Fv2%2Ftags&post=91165"}],"curies":[{"name":"wp","href":"https:\/\/api.w.org\/{rel}","templated":true}]}}