{"id":91139,"date":"2025-01-14T09:49:18","date_gmt":"2025-01-14T16:49:18","guid":{"rendered":"https:\/\/portaltactica.com\/?p=91139"},"modified":"2025-01-14T09:49:19","modified_gmt":"2025-01-14T16:49:19","slug":"ronald-araujo-y-su-continuidad-en-barcelona-joan-laporta-rompe-el-silencio","status":"publish","type":"post","link":"https:\/\/portaltactica.com\/?p=91139","title":{"rendered":"Ronald Ara\u00fajo y su continuidad en Barcelona: Joan Laporta rompe el silencio"},"content":{"rendered":"\n<p>El presidente del\u00a0FC Barcelona, Joan Laporta, ha admitido este martes que el defensa uruguayo\u00a0<strong>Ronald Ara\u00fajo\u00a0<\/strong>est\u00e1\u00a0<strong>en conversaciones<\/strong>\u00a0con la direcci\u00f3n deportiva del club para tratar su futuro y se ha mostrado convencido de que se encontrar\u00e1 una\u00a0<strong>soluci\u00f3n\u00a0<\/strong>&#8220;satisfactoria&#8221; para todas las partes.<\/p>\n\n\n\n<p>En una rueda de prensa celebrada en la Ciudad Deportiva<strong>\u00a0Joan Gamper<\/strong>\u00a0para tratar la actualidad de la entidad, el m\u00e1ximo mandatario del\u00a0Bar\u00e7a\u00a0<strong>confirm\u00f3\u00a0<\/strong>que\u00a0<strong>existen conversaciones<\/strong>\u00a0entre el director deportivo, Anderson Luis de Souza &#8216;Deco&#8217;, y el futbolista, cuyo contrato termina el 30 de junio de 2026.<\/p>\n\n\n\n<p><strong>\u00bfC\u00f3mo pinta la situaci\u00f3n?<\/strong><\/p>\n\n\n\n<blockquote class=\"wp-block-quote is-layout-flow wp-block-quote-is-layout-flow\">\n<p>&#8220;Queremos que los jugadores que juegan en la primera plantilla contin\u00faen. (Araujo)&nbsp;<strong>Tiene contrato en vigor<\/strong>, pero est\u00e1 hablando con la direcci\u00f3n deportiva.&nbsp;<strong>Encontraremos una soluci\u00f3n<\/strong>. Le apreciamos mucho a nivel profesional, pero sobre todo a nivel personal&#8221;<\/p>\n<\/blockquote>\n\n\n\n<p>Y, en este sentido, ha a\u00f1adido: &#8220;Hay unas circunstancias, que no quiero detallar, pero hay margen para encontrar una&nbsp;<strong>soluci\u00f3n&nbsp;<\/strong>que sea&nbsp;<strong>satisfactoria para todos<\/strong>&#8220;.<\/p>\n\n\n\n<p>Laporta ha realizado estas declaraciones en un momento en el que, seg\u00fan distintas informaciones, el central charr\u00faa ha recibido el&nbsp;<strong>inter\u00e9s&nbsp;<\/strong>de equipos como el&nbsp;<strong>Juventus&nbsp;<\/strong>para incorporarlo en el mercado de invierno.<\/p>\n<div class='share-to-whatsapp-wrapper'><div class='share-on-whsp'>Share on: <\/div><a data-text='Ronald Ara\u00fajo y su continuidad en Barcelona: Joan Laporta rompe el silencio' data-link='https:\/\/portaltactica.com\/?p=91139' class='whatsapp-button whatsapp-share'>WhatsApp<\/a><div class='clear '><\/div><\/div>","protected":false},"excerpt":{"rendered":"<p>El presidente del\u00a0FC Barcelona, Joan Laporta, ha admitido este martes que el defensa uruguayo\u00a0Ronald Ara\u00fajo\u00a0est\u00e1\u00a0en conversaciones\u00a0con la direcci\u00f3n deportiva del club&hellip;<\/p>\n","protected":false},"author":2,"featured_media":91140,"comment_status":"closed","ping_status":"closed","sticky":false,"template":"","format":"standard","meta":{"advanced_seo_description":"","jetpack_seo_html_title":"","jetpack_seo_noindex":false,"_jetpack_memberships_contains_paid_content":false,"footnotes":"","jetpack_publicize_message":"","jetpack_publicize_feature_enabled":true,"jetpack_social_post_already_shared":false,"jetpack_social_options":{"image_generator_settings":{"template":"highway","default_image_id":0,"font":"","enabled":false},"version":2}},"categories":[1898],"tags":[],"class_list":["post-91139","post","type-post","status-publish","format-standard","has-post-thumbnail","hentry","category-destacado-internacional"],"jetpack_publicize_connections":[],"jetpack_featured_media_url":"https:\/\/portaltactica.com\/wp-content\/uploads\/2025\/01\/4-2.png","jetpack_sharing_enabled":true,"_links":{"self":[{"href":"https:\/\/portaltactica.com\/index.php?rest_route=\/wp\/v2\/posts\/91139","targetHints":{"allow":["GET"]}}],"collection":[{"href":"https:\/\/portaltactica.com\/index.php?rest_route=\/wp\/v2\/posts"}],"about":[{"href":"https:\/\/portaltactica.com\/index.php?rest_route=\/wp\/v2\/types\/post"}],"author":[{"embeddable":true,"href":"https:\/\/portaltactica.com\/index.php?rest_route=\/wp\/v2\/users\/2"}],"replies":[{"embeddable":true,"href":"https:\/\/portaltactica.com\/index.php?rest_route=%2Fwp%2Fv2%2Fcomments&post=91139"}],"version-history":[{"count":1,"href":"https:\/\/portaltactica.com\/index.php?rest_route=\/wp\/v2\/posts\/91139\/revisions"}],"predecessor-version":[{"id":91141,"href":"https:\/\/portaltactica.com\/index.php?rest_route=\/wp\/v2\/posts\/91139\/revisions\/91141"}],"wp:featuredmedia":[{"embeddable":true,"href":"https:\/\/portaltactica.com\/index.php?rest_route=\/wp\/v2\/media\/91140"}],"wp:attachment":[{"href":"https:\/\/portaltactica.com\/index.php?rest_route=%2Fwp%2Fv2%2Fmedia&parent=91139"}],"wp:term":[{"taxonomy":"category","embeddable":true,"href":"https:\/\/portaltactica.com\/index.php?rest_route=%2Fwp%2Fv2%2Fcategories&post=91139"},{"taxonomy":"post_tag","embeddable":true,"href":"https:\/\/portaltactica.com\/index.php?rest_route=%2Fwp%2Fv2%2Ftags&post=91139"}],"curies":[{"name":"wp","href":"https:\/\/api.w.org\/{rel}","templated":true}]}}