{"id":91123,"date":"2025-01-13T15:41:45","date_gmt":"2025-01-13T22:41:45","guid":{"rendered":"https:\/\/portaltactica.com\/?p=91123"},"modified":"2025-01-13T15:41:47","modified_gmt":"2025-01-13T22:41:47","slug":"es-un-hecho-leon-confirma-de-manera-oficial-la-llegada-de-james-rodriguez-para-el-clausura-2025","status":"publish","type":"post","link":"https:\/\/portaltactica.com\/?p=91123","title":{"rendered":"Es un hecho: Le\u00f3n confirma de manera oficial la llegada de James Rodr\u00edguez para el Clausura 2025"},"content":{"rendered":"\n<p>\u00a1Es oficial! Tras varios d\u00edas llenos de rumores, el&nbsp;<strong>Club Le\u00f3n<\/strong>&nbsp;confirm\u00f3 el fichaje de&nbsp;<strong>James Rodr\u00edguez<\/strong>, elemento que arriba al futbol mexicano como todo un bombazo debido a su trayectoria en el balompi\u00e9 de Europa con equipos como&nbsp;<strong>Porto<\/strong>,&nbsp;<strong>M\u00f3naco, Real Madrid, Bayern M\u00fanich&nbsp;<\/strong>y&nbsp;<strong>Everton<\/strong>.<\/p>\n\n\n\n<p>A trav\u00e9s de sus redes sociales,<strong>&nbsp;La Fiera<\/strong>&nbsp;hizo el esperado anuncio de la contrataci\u00f3n del&nbsp;centrocampista colombiano de 33 a\u00f1os de edad, quien llega a&nbsp;<strong>M\u00e9xico&nbsp;<\/strong>tras su paso por el&nbsp;<strong>Rayo Vallecano<\/strong>, equipo de&nbsp;<strong>LaLiga&nbsp;<\/strong>de Espa\u00f1a.<\/p>\n\n\n\n<p>Cabe recordar que con el conjunto&nbsp;<strong>Esmeralda<\/strong>, James tendr\u00e1 la oportunidad de volver a brilla a<strong>&nbsp;nivel internacional,<\/strong>&nbsp;pues este 2025 el&nbsp;<strong>Le\u00f3n&nbsp;<\/strong>disputar\u00e1 la nueva edici\u00f3n del&nbsp;<strong>Mundial de Clubes,<\/strong>&nbsp;competencia organizada por la FIFA y en que la Fiera est\u00e1 instalada en el Grupo D junto a&nbsp;<strong>Flamengo&nbsp;<\/strong>(BRA),&nbsp;<strong>Esp\u00e9rance Sportive de Tunis<\/strong>&nbsp;(TUN) y&nbsp;<strong>Chelsea&nbsp;<\/strong>FC (ENG).<\/p>\n\n\n\n<h2 class=\"wp-block-heading\">Presentan a James al estilo romano<\/h2>\n\n\n\n<p>Como si de la pel\u00edcula Gladiador se tratara,<strong>&nbsp;James Rodr\u00edguez fue anunciado como nuevo futbolista de La Fiera,<\/strong>&nbsp;una puesta en escena en la que participaron algunos jugadores como el venezolano Jhonder C\u00e1diz o el colombiano Stiven Barreiro y hasta el legendario exjugador del club, Nacho Gonz\u00e1lez.&nbsp;<\/p>\n\n\n\n<p>El equipo mexicano lo present\u00f3 como Decimus &#8220;X&#8221; haciendo referencia a que, claramente, Rodr\u00edguez utilizar\u00e1 la camiseta con el dorsal 10 de los esmeraldas; Nicol\u00e1s L\u00f3pez fue el \u00faltimo jugador en portar dicho n\u00famero, que volviera ic\u00f3nico el tres veces campe\u00f3n de Liga MX con el Le\u00f3n, Luis Montes.<\/p>\n\n\n\n<p><\/p>\n<div class='share-to-whatsapp-wrapper'><div class='share-on-whsp'>Share on: <\/div><a data-text='Es un hecho: Le\u00f3n confirma de manera oficial la llegada de James Rodr\u00edguez para el Clausura 2025' data-link='https:\/\/portaltactica.com\/?p=91123' class='whatsapp-button whatsapp-share'>WhatsApp<\/a><div class='clear '><\/div><\/div>","protected":false},"excerpt":{"rendered":"<p>\u00a1Es oficial! Tras varios d\u00edas llenos de rumores, el&nbsp;Club Le\u00f3n&nbsp;confirm\u00f3 el fichaje de&nbsp;James Rodr\u00edguez, elemento que arriba al futbol mexicano como&hellip;<\/p>\n","protected":false},"author":2,"featured_media":91124,"comment_status":"closed","ping_status":"closed","sticky":false,"template":"","format":"standard","meta":{"advanced_seo_description":"","jetpack_seo_html_title":"","jetpack_seo_noindex":false,"_jetpack_memberships_contains_paid_content":false,"footnotes":"","jetpack_publicize_message":"","jetpack_publicize_feature_enabled":true,"jetpack_social_post_already_shared":false,"jetpack_social_options":{"image_generator_settings":{"template":"highway","default_image_id":0,"font":"","enabled":false},"version":2}},"categories":[1897,1896],"tags":[],"class_list":["post-91123","post","type-post","status-publish","format-standard","has-post-thumbnail","hentry","category-destacado-nacional","category-destacado-portada"],"jetpack_publicize_connections":[],"jetpack_featured_media_url":"https:\/\/portaltactica.com\/wp-content\/uploads\/2025\/01\/10-2.jpg","jetpack_sharing_enabled":true,"_links":{"self":[{"href":"https:\/\/portaltactica.com\/index.php?rest_route=\/wp\/v2\/posts\/91123","targetHints":{"allow":["GET"]}}],"collection":[{"href":"https:\/\/portaltactica.com\/index.php?rest_route=\/wp\/v2\/posts"}],"about":[{"href":"https:\/\/portaltactica.com\/index.php?rest_route=\/wp\/v2\/types\/post"}],"author":[{"embeddable":true,"href":"https:\/\/portaltactica.com\/index.php?rest_route=\/wp\/v2\/users\/2"}],"replies":[{"embeddable":true,"href":"https:\/\/portaltactica.com\/index.php?rest_route=%2Fwp%2Fv2%2Fcomments&post=91123"}],"version-history":[{"count":1,"href":"https:\/\/portaltactica.com\/index.php?rest_route=\/wp\/v2\/posts\/91123\/revisions"}],"predecessor-version":[{"id":91125,"href":"https:\/\/portaltactica.com\/index.php?rest_route=\/wp\/v2\/posts\/91123\/revisions\/91125"}],"wp:featuredmedia":[{"embeddable":true,"href":"https:\/\/portaltactica.com\/index.php?rest_route=\/wp\/v2\/media\/91124"}],"wp:attachment":[{"href":"https:\/\/portaltactica.com\/index.php?rest_route=%2Fwp%2Fv2%2Fmedia&parent=91123"}],"wp:term":[{"taxonomy":"category","embeddable":true,"href":"https:\/\/portaltactica.com\/index.php?rest_route=%2Fwp%2Fv2%2Fcategories&post=91123"},{"taxonomy":"post_tag","embeddable":true,"href":"https:\/\/portaltactica.com\/index.php?rest_route=%2Fwp%2Fv2%2Ftags&post=91123"}],"curies":[{"name":"wp","href":"https:\/\/api.w.org\/{rel}","templated":true}]}}