{"id":91006,"date":"2025-01-09T07:43:34","date_gmt":"2025-01-09T14:43:34","guid":{"rendered":"https:\/\/portaltactica.com\/?p=91006"},"modified":"2025-01-09T07:43:36","modified_gmt":"2025-01-09T14:43:36","slug":"baja-sensible-luka-modric-no-jugara-la-semifinal-de-la-supercopa-de-espana","status":"publish","type":"post","link":"https:\/\/portaltactica.com\/?p=91006","title":{"rendered":"\u00a1Baja sensible! Luka Modri\u0107 no jugar\u00e1 la Semifinal de la Supercopa de Espa\u00f1a"},"content":{"rendered":"\n<p>El mediocampista croata,\u00a0<strong>Luka Modri\u0107<\/strong>\u00a0ser\u00e1 baja para el\u00a0<strong>Real Madrid<\/strong>\u00a0en su encuentro de\u00a0<strong>Semifinal\u00a0<\/strong>de la\u00a0<strong>Supercopa de Espa\u00f1a<\/strong>\u00a0ante\u00a0<strong>Mallorca<\/strong>. As\u00ed lo inform\u00f3 el mismo club a trav\u00e9s de un comunicado.<\/p>\n\n\n\n<p>&#8220;Nuestro jugador&nbsp;<strong>Luka Modri\u0107<\/strong>&nbsp;causa baja para el encuentro de hoy frente al&nbsp;<strong>R. C. D. Mallorca<\/strong>&nbsp;debido a un proceso v\u00edrico. Pendiente de evoluci\u00f3n&#8221;, escribi\u00f3 el conjunto merengue en su parte m\u00e9dico.<\/p>\n\n\n\n<p>Ante la ausencia del croata,&nbsp;<strong>Carlo Ancelotti<\/strong>&nbsp;tendr\u00e1 a su disposici\u00f3n a elementos como&nbsp;<strong>Federico Valverde, Eduardo Camavinga<\/strong>&nbsp;y&nbsp;<strong>Jude Bellingham<\/strong>&nbsp;en esa zona de la cancha, como ya ha sido el mediocampo habitual en esta temporada.<\/p>\n\n\n\n<p>Cabe recordar que,<strong>&nbsp;Luka Modri\u0107<\/strong>&nbsp;no ha sido titular recurrentemente en la temporada, pues de 27 partidos \u00fanicamente inici\u00f3 en 11, el \u00faltimo de ellos en&nbsp;<strong>Copa del Rey<\/strong>&nbsp;frente a&nbsp;<strong>Deportiva Minera<\/strong>.<\/p>\n\n\n\n<p>Por ahora,&nbsp;<strong>Barcelona&nbsp;<\/strong>espera rival en la&nbsp;<strong>Gran Final<\/strong>&nbsp;de la&nbsp;<strong>Supercopa de Espa\u00f1a<\/strong>&nbsp;luego de derrotar al&nbsp;<strong>Athletic Club de Bilbao<\/strong>&nbsp;por 2 a 0.&nbsp;<strong>El Cl\u00e1sico<\/strong>&nbsp;podr\u00eda vivirse en el duelo por levantar el trofeo de este torneo.&nbsp;<\/p>\n<div class='share-to-whatsapp-wrapper'><div class='share-on-whsp'>Share on: <\/div><a data-text='\u00a1Baja sensible! Luka Modri\u0107 no jugar\u00e1 la Semifinal de la Supercopa de Espa\u00f1a' data-link='https:\/\/portaltactica.com\/?p=91006' class='whatsapp-button whatsapp-share'>WhatsApp<\/a><div class='clear '><\/div><\/div>","protected":false},"excerpt":{"rendered":"<p>El mediocampista croata,\u00a0Luka Modri\u0107\u00a0ser\u00e1 baja para el\u00a0Real Madrid\u00a0en su encuentro de\u00a0Semifinal\u00a0de la\u00a0Supercopa de Espa\u00f1a\u00a0ante\u00a0Mallorca. As\u00ed lo inform\u00f3 el mismo club a&hellip;<\/p>\n","protected":false},"author":2,"featured_media":91007,"comment_status":"closed","ping_status":"closed","sticky":false,"template":"","format":"standard","meta":{"advanced_seo_description":"","jetpack_seo_html_title":"","jetpack_seo_noindex":false,"_jetpack_memberships_contains_paid_content":false,"footnotes":"","jetpack_publicize_message":"","jetpack_publicize_feature_enabled":true,"jetpack_social_post_already_shared":false,"jetpack_social_options":{"image_generator_settings":{"template":"highway","default_image_id":0,"font":"","enabled":false},"version":2}},"categories":[6],"tags":[],"class_list":["post-91006","post","type-post","status-publish","format-standard","has-post-thumbnail","hentry","category-internacional"],"jetpack_publicize_connections":[],"jetpack_featured_media_url":"https:\/\/portaltactica.com\/wp-content\/uploads\/2025\/01\/3-1.png","jetpack_sharing_enabled":true,"_links":{"self":[{"href":"https:\/\/portaltactica.com\/index.php?rest_route=\/wp\/v2\/posts\/91006","targetHints":{"allow":["GET"]}}],"collection":[{"href":"https:\/\/portaltactica.com\/index.php?rest_route=\/wp\/v2\/posts"}],"about":[{"href":"https:\/\/portaltactica.com\/index.php?rest_route=\/wp\/v2\/types\/post"}],"author":[{"embeddable":true,"href":"https:\/\/portaltactica.com\/index.php?rest_route=\/wp\/v2\/users\/2"}],"replies":[{"embeddable":true,"href":"https:\/\/portaltactica.com\/index.php?rest_route=%2Fwp%2Fv2%2Fcomments&post=91006"}],"version-history":[{"count":1,"href":"https:\/\/portaltactica.com\/index.php?rest_route=\/wp\/v2\/posts\/91006\/revisions"}],"predecessor-version":[{"id":91008,"href":"https:\/\/portaltactica.com\/index.php?rest_route=\/wp\/v2\/posts\/91006\/revisions\/91008"}],"wp:featuredmedia":[{"embeddable":true,"href":"https:\/\/portaltactica.com\/index.php?rest_route=\/wp\/v2\/media\/91007"}],"wp:attachment":[{"href":"https:\/\/portaltactica.com\/index.php?rest_route=%2Fwp%2Fv2%2Fmedia&parent=91006"}],"wp:term":[{"taxonomy":"category","embeddable":true,"href":"https:\/\/portaltactica.com\/index.php?rest_route=%2Fwp%2Fv2%2Fcategories&post=91006"},{"taxonomy":"post_tag","embeddable":true,"href":"https:\/\/portaltactica.com\/index.php?rest_route=%2Fwp%2Fv2%2Ftags&post=91006"}],"curies":[{"name":"wp","href":"https:\/\/api.w.org\/{rel}","templated":true}]}}