{"id":90485,"date":"2024-12-18T10:19:50","date_gmt":"2024-12-18T17:19:50","guid":{"rendered":"https:\/\/portaltactica.com\/?p=90485"},"modified":"2024-12-18T10:19:51","modified_gmt":"2024-12-18T17:19:51","slug":"adios-checo-red-bull-confirma-la-salida-de-perez-como-su-piloto-de-f1","status":"publish","type":"post","link":"https:\/\/portaltactica.com\/?p=90485","title":{"rendered":"\u00a1Adi\u00f3s Checo! Red Bull confirma la salida de P\u00e9rez como su piloto de F1"},"content":{"rendered":"\n<p><strong>Red Bull<\/strong>\u00a0ha dado a conocer que\u00a0<strong>Checo P\u00e9rez<\/strong>, piloto mexicano que en la temporada 2023 fue subcampe\u00f3n de la\u00a0<strong>F\u00f3rmula 1<\/strong>, dejar\u00e1 de ocupar uno de sus asientos en la m\u00e1xima categor\u00eda del automovilismo.<\/p>\n\n\n\n<p>Luego de 4 a\u00f1os en la escuder\u00eda austr\u00edaca,\u00a0<strong>Checo P\u00e9rez<\/strong>\u00a0se despide de\u00a0<strong>Red Bull<\/strong>\u00a0en gran parte debido a los malos resultados obtenidos en la temporada 2024, donde termin\u00f3 en\u00a0<strong>octavo lugar<\/strong>\u00a0del campeonato de pilotos de la F\u00f3rmula 1.<\/p>\n\n\n\n<p>Desde hace meses comenzaron a circular rumores sobre la salida del piloto tapat\u00edo e incluso se lleg\u00f3 a mencionar que ser\u00eda removido de su asiento durante la temporada, pero la carrera del pasado 8 de diciembre en&nbsp;<strong>Abu Dhabi<\/strong>&nbsp;habr\u00eda sido su \u00faltima carrera en la&nbsp;<strong>F1<\/strong>, al menos en Red Bull.<\/p>\n\n\n\n<h2 class=\"wp-block-heading\">F\u00f3rmula 1: Los motivos por los que Red Bull decidi\u00f3 no seguir con Checo P\u00e9rez<\/h2>\n\n\n\n<p>Debido a los malos resultados que\u00a0<strong>Checo P\u00e9rez<\/strong>\u00a0tuvo a lo largo de la temporada,\u00a0<strong>Red Bull<\/strong>\u00a0finaliz\u00f3 en el tercer lugar del campeonato de constructores de la F\u00f3rmula 1, por detr\u00e1s de\u00a0<strong>McLaren<\/strong>\u00a0y\u00a0<strong>Ferrari<\/strong>, hecho que molest\u00f3 a\u00a0<strong>Christian Horner<\/strong>, director de la escuder\u00eda.<\/p>\n\n\n\n<p>Tambi\u00e9n,\u00a0<strong>Checo P\u00e9rez<\/strong>\u00a0y\u00a0<strong>Max Verstappen<\/strong>, los dos pilotos de Red Bull en la\u00a0<strong>F\u00f3rmula 1<\/strong>, se quejaron durante varias carreras del\u00a0<strong>RB 20\u00a0<\/strong>(monoplaza del equipo) y aseguraron que hicieron lo mejor que pudieron con el veh\u00edculo que les proporcionaron.<\/p>\n\n\n\n<p>Pese a que el automovilista mexicano dio resultados en las temporadas 2022 y 2023, la paciencia se termin\u00f3 antes de lo esperado en su equipo y,&nbsp;<strong>pese a que hace unos meses renovaron su contrato<\/strong>, ahora le han dado las gracias.<\/p>\n\n\n\n<h2 class=\"wp-block-heading\">La salida de Checo P\u00e9rez de Red Bull no ser\u00eda su fin en la F\u00f3rmula 1<\/h2>\n\n\n\n<p>Pese a que\u00a0<strong>Checo P\u00e9rez<\/strong>\u00a0no seguir\u00e1 siendo piloto de\u00a0<strong>Red Bull<\/strong>\u00a0en la F\u00f3rmula 1, pr\u00f3ximamente lo podr\u00edamos ver corriendo para otra escuder\u00eda.<\/p>\n\n\n\n<p>De acuerdo a informaci\u00f3n compartida por&nbsp;<em>ESPN<\/em>,&nbsp;<strong>Cadillac<\/strong>, equipo que entrar\u00e1 a la&nbsp;<strong>F\u00f3rmula 1&nbsp;<\/strong>en el&nbsp;<strong>2026<\/strong>, ser\u00eda uno de los lugares en los que podr\u00edamos ver al tapat\u00edo tras su salida de Red Bull.<\/p>\n\n\n\n<p>Sin embargo, para aquel entonces el&nbsp;<strong>Checo P\u00e9rez<\/strong>&nbsp;tendr\u00e1&nbsp;<strong>36 a\u00f1os<\/strong>&nbsp;y ser\u00eda uno de los pilotos m\u00e1s veteranos de la toda la competici\u00f3n.<\/p>\n<div class='share-to-whatsapp-wrapper'><div class='share-on-whsp'>Share on: <\/div><a data-text='\u00a1Adi\u00f3s Checo! Red Bull confirma la salida de P\u00e9rez como su piloto de F1' data-link='https:\/\/portaltactica.com\/?p=90485' class='whatsapp-button whatsapp-share'>WhatsApp<\/a><div class='clear '><\/div><\/div>","protected":false},"excerpt":{"rendered":"<p>Red Bull\u00a0ha dado a conocer que\u00a0Checo P\u00e9rez, piloto mexicano que en la temporada 2023 fue subcampe\u00f3n de la\u00a0F\u00f3rmula 1, dejar\u00e1 de&hellip;<\/p>\n","protected":false},"author":2,"featured_media":90486,"comment_status":"closed","ping_status":"closed","sticky":false,"template":"","format":"standard","meta":{"advanced_seo_description":"","jetpack_seo_html_title":"","jetpack_seo_noindex":false,"_jetpack_memberships_contains_paid_content":false,"footnotes":"","jetpack_publicize_message":"","jetpack_publicize_feature_enabled":true,"jetpack_social_post_already_shared":false,"jetpack_social_options":{"image_generator_settings":{"template":"highway","default_image_id":0,"font":"","enabled":false},"version":2}},"categories":[1896],"tags":[],"class_list":["post-90485","post","type-post","status-publish","format-standard","has-post-thumbnail","hentry","category-destacado-portada"],"jetpack_publicize_connections":[],"jetpack_featured_media_url":"https:\/\/portaltactica.com\/wp-content\/uploads\/2024\/12\/4-5.jpg","jetpack_sharing_enabled":true,"_links":{"self":[{"href":"https:\/\/portaltactica.com\/index.php?rest_route=\/wp\/v2\/posts\/90485","targetHints":{"allow":["GET"]}}],"collection":[{"href":"https:\/\/portaltactica.com\/index.php?rest_route=\/wp\/v2\/posts"}],"about":[{"href":"https:\/\/portaltactica.com\/index.php?rest_route=\/wp\/v2\/types\/post"}],"author":[{"embeddable":true,"href":"https:\/\/portaltactica.com\/index.php?rest_route=\/wp\/v2\/users\/2"}],"replies":[{"embeddable":true,"href":"https:\/\/portaltactica.com\/index.php?rest_route=%2Fwp%2Fv2%2Fcomments&post=90485"}],"version-history":[{"count":1,"href":"https:\/\/portaltactica.com\/index.php?rest_route=\/wp\/v2\/posts\/90485\/revisions"}],"predecessor-version":[{"id":90487,"href":"https:\/\/portaltactica.com\/index.php?rest_route=\/wp\/v2\/posts\/90485\/revisions\/90487"}],"wp:featuredmedia":[{"embeddable":true,"href":"https:\/\/portaltactica.com\/index.php?rest_route=\/wp\/v2\/media\/90486"}],"wp:attachment":[{"href":"https:\/\/portaltactica.com\/index.php?rest_route=%2Fwp%2Fv2%2Fmedia&parent=90485"}],"wp:term":[{"taxonomy":"category","embeddable":true,"href":"https:\/\/portaltactica.com\/index.php?rest_route=%2Fwp%2Fv2%2Fcategories&post=90485"},{"taxonomy":"post_tag","embeddable":true,"href":"https:\/\/portaltactica.com\/index.php?rest_route=%2Fwp%2Fv2%2Ftags&post=90485"}],"curies":[{"name":"wp","href":"https:\/\/api.w.org\/{rel}","templated":true}]}}