{"id":90104,"date":"2024-12-04T12:50:40","date_gmt":"2024-12-04T19:50:40","guid":{"rendered":"https:\/\/portaltactica.com\/?p=90104"},"modified":"2024-12-04T12:50:43","modified_gmt":"2024-12-04T19:50:43","slug":"pep-guardiola-despeja-rumores-sobre-conflicto-con-de-bruyne-en-el-city","status":"publish","type":"post","link":"https:\/\/portaltactica.com\/?p=90104","title":{"rendered":"Pep Guardiola despeja rumores sobre conflicto con De Bruyne en el City"},"content":{"rendered":"\n<p>El entrenador de\u00a0<strong>Manchester City<\/strong>,\u00a0<strong>Pep Guardiola<\/strong>, neg\u00f3 tener un \u201cproblema personal\u201d con\u00a0<strong>Kevin De Bruyne<\/strong>\u00a0e insisti\u00f3 el martes en que la ausencia del mediocampista en las \u00faltimas semanas se debi\u00f3 a problemas de forma f\u00edsica.<\/p>\n\n\n\n<p>City suma siete encuentros consecutivos sin ganar en todas las competiciones \u2014su peor racha bajo el mando de Guardiola\u2014 y De Bruyne solo ha participado como suplente en los \u00faltimos cinco de esos encuentros tras recuperarse de una lesi\u00f3n p\u00e9lvica.<\/p>\n\n\n\n<p>El mediocampista belga se lesion\u00f3 durante el partido de&nbsp;<strong>Champions League<\/strong>&nbsp;contra Inter de Mil\u00e1n el 18 de septiembre y no ha sido titular desde entonces.&nbsp;Varios comentaristas prominentes, incluido el exdefensa del City y embajador del club&nbsp;<strong>Micah Richards<\/strong>, cuestionaron el porqu\u00e9 De Bruyne no ha sido titular en medio del dram\u00e1tico baj\u00f3n de los campeones defensores de la liga inglesa.<\/p>\n\n\n\n<p>Richards dijo en el podcast \u201cThe Rest is Football\u201d que parec\u00eda \u201cque hay alg\u00fan tipo de ruptura entre De Bruyne y Guardiola&#8221;. A esto, el t\u00e9cnico espa\u00f1ol respondi\u00f3 en la conferencia de prensa previa al encuentro ante&nbsp;<strong>Nottingham Forest&nbsp;<\/strong>en la&nbsp;<strong>Premier League.&nbsp;<\/strong>\u201cLa gente dice que tengo un problema con Kevin. \u00bfCreen que me gusta jugar sin Kevin? No, \u00bfCreen que no quiero que Kevin juegue?&#8221;.<\/p>\n\n\n\n<p>&#8220;El tipo que tiene m\u00e1s talento en el \u00faltimo tercio del campo \u2014 \u00bfno lo quiero? \u00bfTengo un problema personal con \u00e9l despu\u00e9s de nueve a\u00f1os juntos? \u00c9l ha tra\u00eddo los mayores \u00e9xitos a este club, pero estuvo lesionado cinco meses (la temporada pasada) y dos meses (este a\u00f1o). Tiene 33 a\u00f1os. Necesita tiempo para encontrar su mejor forma, como la temporada pasada, paso a paso. Intentar\u00e1 hacerlo y sentirse mejor. Estoy desesperado por tener su mejor versi\u00f3n\u201d, declar\u00f3 el estratega.&nbsp;<\/p>\n\n\n\n<p>Tanto el jugador como Guardiola han hablado desde entonces del dolor que De Bruyne sinti\u00f3 despu\u00e9s de su lesi\u00f3n contra el Inter y la necesidad de reincorporarlo gradualmente a la acci\u00f3n. El belga adem\u00e1s se encuentra en su \u00faltimo a\u00f1o de contrato. \u201cMe encantar\u00eda tener al Kevin en su mejor momento, a los 26 o 27 a\u00f1os. A \u00e9l tambi\u00e9n le encantar\u00eda \u2014 pero ya no tiene 26 o 27 a\u00f1os\u201d, reiter\u00f3 el estratega.<\/p>\n\n\n\n<p>\u201cHa tenido lesiones en el pasado, importantes y prolongadas. Es un tipo que necesita estar f\u00edsicamente en forma para su espacio y energ\u00eda. \u00bfCreen que me estoy quejando? Es normal, es la naturaleza. Ha jugado en 10 o 11 temporadas muchos partidos y s\u00e9 que est\u00e1 desesperado por ayudarnos. Muestra destellos de brillantez que solo \u00e9l puede tener\u201d, sentenci\u00f3.&nbsp;<\/p>\n<div class='share-to-whatsapp-wrapper'><div class='share-on-whsp'>Share on: <\/div><a data-text='Pep Guardiola despeja rumores sobre conflicto con De Bruyne en el City' data-link='https:\/\/portaltactica.com\/?p=90104' class='whatsapp-button whatsapp-share'>WhatsApp<\/a><div class='clear '><\/div><\/div>","protected":false},"excerpt":{"rendered":"<p>El entrenador de\u00a0Manchester City,\u00a0Pep Guardiola, neg\u00f3 tener un \u201cproblema personal\u201d con\u00a0Kevin De Bruyne\u00a0e insisti\u00f3 el martes en que la ausencia del&hellip;<\/p>\n","protected":false},"author":2,"featured_media":90105,"comment_status":"closed","ping_status":"closed","sticky":false,"template":"","format":"standard","meta":{"advanced_seo_description":"","jetpack_seo_html_title":"","jetpack_seo_noindex":false,"_jetpack_memberships_contains_paid_content":false,"footnotes":"","jetpack_publicize_message":"","jetpack_publicize_feature_enabled":true,"jetpack_social_post_already_shared":false,"jetpack_social_options":{"image_generator_settings":{"template":"highway","default_image_id":0,"font":"","enabled":false},"version":2}},"categories":[1896],"tags":[],"class_list":["post-90104","post","type-post","status-publish","format-standard","has-post-thumbnail","hentry","category-destacado-portada"],"jetpack_publicize_connections":[],"jetpack_featured_media_url":"https:\/\/portaltactica.com\/wp-content\/uploads\/2024\/12\/4-1.png","jetpack_sharing_enabled":true,"_links":{"self":[{"href":"https:\/\/portaltactica.com\/index.php?rest_route=\/wp\/v2\/posts\/90104","targetHints":{"allow":["GET"]}}],"collection":[{"href":"https:\/\/portaltactica.com\/index.php?rest_route=\/wp\/v2\/posts"}],"about":[{"href":"https:\/\/portaltactica.com\/index.php?rest_route=\/wp\/v2\/types\/post"}],"author":[{"embeddable":true,"href":"https:\/\/portaltactica.com\/index.php?rest_route=\/wp\/v2\/users\/2"}],"replies":[{"embeddable":true,"href":"https:\/\/portaltactica.com\/index.php?rest_route=%2Fwp%2Fv2%2Fcomments&post=90104"}],"version-history":[{"count":1,"href":"https:\/\/portaltactica.com\/index.php?rest_route=\/wp\/v2\/posts\/90104\/revisions"}],"predecessor-version":[{"id":90106,"href":"https:\/\/portaltactica.com\/index.php?rest_route=\/wp\/v2\/posts\/90104\/revisions\/90106"}],"wp:featuredmedia":[{"embeddable":true,"href":"https:\/\/portaltactica.com\/index.php?rest_route=\/wp\/v2\/media\/90105"}],"wp:attachment":[{"href":"https:\/\/portaltactica.com\/index.php?rest_route=%2Fwp%2Fv2%2Fmedia&parent=90104"}],"wp:term":[{"taxonomy":"category","embeddable":true,"href":"https:\/\/portaltactica.com\/index.php?rest_route=%2Fwp%2Fv2%2Fcategories&post=90104"},{"taxonomy":"post_tag","embeddable":true,"href":"https:\/\/portaltactica.com\/index.php?rest_route=%2Fwp%2Fv2%2Ftags&post=90104"}],"curies":[{"name":"wp","href":"https:\/\/api.w.org\/{rel}","templated":true}]}}