{"id":89132,"date":"2024-10-29T13:29:18","date_gmt":"2024-10-29T20:29:18","guid":{"rendered":"https:\/\/portaltactica.com\/?p=89132"},"modified":"2024-10-29T13:29:19","modified_gmt":"2024-10-29T20:29:19","slug":"ramon-juarez-se-perfila-para-regresar-con-el-america-frente-a-mazatlan","status":"publish","type":"post","link":"https:\/\/portaltactica.com\/?p=89132","title":{"rendered":"Ram\u00f3n Ju\u00e1rez se perfila para regresar con el Am\u00e9rica frente a Mazatl\u00e1n"},"content":{"rendered":"\n<p>Un jugador m\u00e1s al roster en\u00a0<strong>Coapa<\/strong>.\u00a0<strong>Am\u00e9rica<\/strong>\u00a0va recuperando poco a poco a sus lastimados y quien se perfila a regresar a la convocatoria contra\u00a0<strong>Mazatl\u00e1n<\/strong>\u00a0es\u00a0<strong>Ram\u00f3n<\/strong>\u00a0<strong>Ju\u00e1rez<\/strong>.<\/p>\n\n\n\n<p>El defensor azulcrema sufri\u00f3 un golpe durante uno de los entrenamientos y aunque no era una lesi\u00f3n de consideraci\u00f3n en Am\u00e9rica optaron por darle descanso un par de partidos.<\/p>\n\n\n\n<p>Quienes todav\u00eda est\u00e1n en duda son&nbsp;<strong>Sebasti\u00e1n C\u00e1ceres y Richard S\u00e1nchez<\/strong>, pues aunque el uruguayo ya trabaja con el equipo no quieren apresurar su regreso y que su lesi\u00f3n muscular vuelva a aparecer.<\/p>\n\n\n\n<p>El paraguayo por su cuenta va evolucionando favorablemente, pero ha sido el \u00faltimo en reincorporarse a los entrenamientos con el grupo por ello su regreso dif\u00edcilmente se dar\u00e1 en el choque contra los&nbsp;<strong>Ca\u00f1oneros<\/strong>.<\/p>\n<div class='share-to-whatsapp-wrapper'><div class='share-on-whsp'>Share on: <\/div><a data-text='Ram\u00f3n Ju\u00e1rez se perfila para regresar con el Am\u00e9rica frente a Mazatl\u00e1n' data-link='https:\/\/portaltactica.com\/?p=89132' class='whatsapp-button whatsapp-share'>WhatsApp<\/a><div class='clear '><\/div><\/div>","protected":false},"excerpt":{"rendered":"<p>Un jugador m\u00e1s al roster en\u00a0Coapa.\u00a0Am\u00e9rica\u00a0va recuperando poco a poco a sus lastimados y quien se perfila a regresar a la&hellip;<\/p>\n","protected":false},"author":2,"featured_media":89133,"comment_status":"closed","ping_status":"closed","sticky":false,"template":"","format":"standard","meta":{"advanced_seo_description":"","jetpack_seo_html_title":"","jetpack_seo_noindex":false,"_jetpack_memberships_contains_paid_content":false,"footnotes":"","jetpack_publicize_message":"","jetpack_publicize_feature_enabled":true,"jetpack_social_post_already_shared":false,"jetpack_social_options":{"image_generator_settings":{"template":"highway","default_image_id":0,"font":"","enabled":false},"version":2}},"categories":[1897],"tags":[],"class_list":["post-89132","post","type-post","status-publish","format-standard","has-post-thumbnail","hentry","category-destacado-nacional"],"jetpack_publicize_connections":[],"jetpack_featured_media_url":"https:\/\/portaltactica.com\/wp-content\/uploads\/2024\/10\/3-4.jpg","jetpack_sharing_enabled":true,"_links":{"self":[{"href":"https:\/\/portaltactica.com\/index.php?rest_route=\/wp\/v2\/posts\/89132","targetHints":{"allow":["GET"]}}],"collection":[{"href":"https:\/\/portaltactica.com\/index.php?rest_route=\/wp\/v2\/posts"}],"about":[{"href":"https:\/\/portaltactica.com\/index.php?rest_route=\/wp\/v2\/types\/post"}],"author":[{"embeddable":true,"href":"https:\/\/portaltactica.com\/index.php?rest_route=\/wp\/v2\/users\/2"}],"replies":[{"embeddable":true,"href":"https:\/\/portaltactica.com\/index.php?rest_route=%2Fwp%2Fv2%2Fcomments&post=89132"}],"version-history":[{"count":1,"href":"https:\/\/portaltactica.com\/index.php?rest_route=\/wp\/v2\/posts\/89132\/revisions"}],"predecessor-version":[{"id":89134,"href":"https:\/\/portaltactica.com\/index.php?rest_route=\/wp\/v2\/posts\/89132\/revisions\/89134"}],"wp:featuredmedia":[{"embeddable":true,"href":"https:\/\/portaltactica.com\/index.php?rest_route=\/wp\/v2\/media\/89133"}],"wp:attachment":[{"href":"https:\/\/portaltactica.com\/index.php?rest_route=%2Fwp%2Fv2%2Fmedia&parent=89132"}],"wp:term":[{"taxonomy":"category","embeddable":true,"href":"https:\/\/portaltactica.com\/index.php?rest_route=%2Fwp%2Fv2%2Fcategories&post=89132"},{"taxonomy":"post_tag","embeddable":true,"href":"https:\/\/portaltactica.com\/index.php?rest_route=%2Fwp%2Fv2%2Ftags&post=89132"}],"curies":[{"name":"wp","href":"https:\/\/api.w.org\/{rel}","templated":true}]}}