{"id":89094,"date":"2024-10-28T10:49:13","date_gmt":"2024-10-28T17:49:13","guid":{"rendered":"https:\/\/portaltactica.com\/?p=89094"},"modified":"2024-10-28T10:49:15","modified_gmt":"2024-10-28T17:49:15","slug":"mario-balotelli-se-une-al-genoa-como-companero-de-johan-vasquez","status":"publish","type":"post","link":"https:\/\/portaltactica.com\/?p=89094","title":{"rendered":"Mario Balotelli se une al Genoa como compa\u00f1ero de Johan V\u00e1squez"},"content":{"rendered":"\n<p><strong>Mario Balotelli\u00a0<\/strong>firm\u00f3 con\u00a0<strong>Genoa<\/strong>, equipo amenazado por el descenso, este lunes para marcar su regreso a la\u00a0<strong>Serie A\u00a0<\/strong>despu\u00e9s de m\u00e1s de cuatro a\u00f1os.<\/p>\n\n\n\n<p><strong>Balotelli<\/strong>, de 34 a\u00f1os, jug\u00f3 por \u00faltima vez en la m\u00e1xima divisi\u00f3n de Italia con el club de la ciudad natal,&nbsp;<strong>Brescia<\/strong>&nbsp;en la temporada 2019-20. Su \u00faltima aparici\u00f3n para cualquier club italiano fue con&nbsp;<strong>Monza<\/strong>&nbsp;en la Serie B en 2020-21.<\/p>\n\n\n\n<figure class=\"wp-block-embed is-type-rich is-provider-twitter wp-block-embed-twitter\"><div class=\"wp-block-embed__wrapper\">\n<blockquote class=\"twitter-tweet\" data-width=\"550\" data-dnt=\"true\"><p lang=\"en\" dir=\"ltr\">Finally. \ud83d\udd34\ud83d\udd35 <a href=\"https:\/\/t.co\/2Z4XcFwm9Q\">pic.twitter.com\/2Z4XcFwm9Q<\/a><\/p>&mdash; Genoa CFC (@GenoaCFC) <a href=\"https:\/\/twitter.com\/GenoaCFC\/status\/1850936129710932328?ref_src=twsrc%5Etfw\">October 28, 2024<\/a><\/blockquote><script async src=\"https:\/\/platform.twitter.com\/widgets.js\" charset=\"utf-8\"><\/script>\n<\/div><\/figure>\n\n\n\n<p>Balotelli dej\u00f3 al club turco&nbsp;<strong>Adana Demirsport<\/strong>&nbsp;despu\u00e9s de la temporada pasada y sin cuota de traspaso era una opci\u00f3n barata para el&nbsp;<strong>Genoa<\/strong>, que ten\u00eda apenas dos tiros al blanco en una derrota por 3-0 en el&nbsp;<strong>Lazio<\/strong>&nbsp;el domingo para su quinta derrota en seis partidos.<\/p>\n\n\n\n<p>El ex delantero italiano podr\u00eda debutar el jueves en el&nbsp;<strong>G\u00e9nova<\/strong>&nbsp;ante la&nbsp;<strong>Fiorentina<\/strong>.<\/p>\n\n\n\n<p>&#8220;No quiero hablar mucho; quiero jugar&#8221;, dijo&nbsp;<strong>Balotelli<\/strong>&nbsp;antes de someterse a un examen m\u00e9dico con&nbsp;<strong>Genoa<\/strong>. Espero estar listo pronto.<\/p>\n\n\n\n<p><strong>Balotelli<\/strong>&nbsp;tambi\u00e9n ha jugado para el&nbsp;<strong>Inter de Milan&nbsp;<\/strong>y el&nbsp;<strong>AC Milan<\/strong>&nbsp;en la&nbsp;<strong>Serie A.<\/strong><\/p>\n<div class='share-to-whatsapp-wrapper'><div class='share-on-whsp'>Share on: <\/div><a data-text='Mario Balotelli se une al Genoa como compa\u00f1ero de Johan V\u00e1squez' data-link='https:\/\/portaltactica.com\/?p=89094' class='whatsapp-button whatsapp-share'>WhatsApp<\/a><div class='clear '><\/div><\/div>","protected":false},"excerpt":{"rendered":"<p>Mario Balotelli\u00a0firm\u00f3 con\u00a0Genoa, equipo amenazado por el descenso, este lunes para marcar su regreso a la\u00a0Serie A\u00a0despu\u00e9s de m\u00e1s de cuatro&hellip;<\/p>\n","protected":false},"author":2,"featured_media":89095,"comment_status":"closed","ping_status":"closed","sticky":false,"template":"","format":"standard","meta":{"advanced_seo_description":"","jetpack_seo_html_title":"","jetpack_seo_noindex":false,"_jetpack_memberships_contains_paid_content":false,"footnotes":"","jetpack_publicize_message":"","jetpack_publicize_feature_enabled":true,"jetpack_social_post_already_shared":false,"jetpack_social_options":{"image_generator_settings":{"template":"highway","default_image_id":0,"font":"","enabled":false},"version":2}},"categories":[1898],"tags":[],"class_list":["post-89094","post","type-post","status-publish","format-standard","has-post-thumbnail","hentry","category-destacado-internacional"],"jetpack_publicize_connections":[],"jetpack_featured_media_url":"https:\/\/portaltactica.com\/wp-content\/uploads\/2024\/10\/5-17.png","jetpack_sharing_enabled":true,"_links":{"self":[{"href":"https:\/\/portaltactica.com\/index.php?rest_route=\/wp\/v2\/posts\/89094","targetHints":{"allow":["GET"]}}],"collection":[{"href":"https:\/\/portaltactica.com\/index.php?rest_route=\/wp\/v2\/posts"}],"about":[{"href":"https:\/\/portaltactica.com\/index.php?rest_route=\/wp\/v2\/types\/post"}],"author":[{"embeddable":true,"href":"https:\/\/portaltactica.com\/index.php?rest_route=\/wp\/v2\/users\/2"}],"replies":[{"embeddable":true,"href":"https:\/\/portaltactica.com\/index.php?rest_route=%2Fwp%2Fv2%2Fcomments&post=89094"}],"version-history":[{"count":1,"href":"https:\/\/portaltactica.com\/index.php?rest_route=\/wp\/v2\/posts\/89094\/revisions"}],"predecessor-version":[{"id":89096,"href":"https:\/\/portaltactica.com\/index.php?rest_route=\/wp\/v2\/posts\/89094\/revisions\/89096"}],"wp:featuredmedia":[{"embeddable":true,"href":"https:\/\/portaltactica.com\/index.php?rest_route=\/wp\/v2\/media\/89095"}],"wp:attachment":[{"href":"https:\/\/portaltactica.com\/index.php?rest_route=%2Fwp%2Fv2%2Fmedia&parent=89094"}],"wp:term":[{"taxonomy":"category","embeddable":true,"href":"https:\/\/portaltactica.com\/index.php?rest_route=%2Fwp%2Fv2%2Fcategories&post=89094"},{"taxonomy":"post_tag","embeddable":true,"href":"https:\/\/portaltactica.com\/index.php?rest_route=%2Fwp%2Fv2%2Ftags&post=89094"}],"curies":[{"name":"wp","href":"https:\/\/api.w.org\/{rel}","templated":true}]}}