{"id":88684,"date":"2024-10-14T13:06:53","date_gmt":"2024-10-14T19:06:53","guid":{"rendered":"https:\/\/portaltactica.com\/?p=88684"},"modified":"2024-10-14T13:06:55","modified_gmt":"2024-10-14T19:06:55","slug":"laliga-y-premier-league-presentan-denuncia-contra-la-fifa-por-abuso-de-poder","status":"publish","type":"post","link":"https:\/\/portaltactica.com\/?p=88684","title":{"rendered":"LaLiga y Premier League presentan denuncia contra la FIFA por &#8220;abuso de poder&#8221;"},"content":{"rendered":"\n<p>Las principales ligas europeas, incluyendo&nbsp;<strong>LaLiga de Espa\u00f1a<\/strong>, la&nbsp;<strong>Premier League de Inglaterra<\/strong>&nbsp;y la&nbsp;<strong>Federaci\u00f3n Internacional de Futbolistas Profesionales (FIFPro)<\/strong>&nbsp;presentaron este lunes una denuncia formal contra la&nbsp;<strong>FIFA<\/strong>&nbsp;ante la&nbsp;<strong>Comisi\u00f3n Europea<\/strong>, acus\u00e1ndola de abuso de posici\u00f3n dominante al imponer unilateralmente los calendarios internacionales.<\/p>\n\n\n\n<p>Esta medida, aseguran, no solo perjudica la integridad de las competiciones locales, sino que tambi\u00e9n pone en riesgo la salud de los jugadores debido a la sobresaturaci\u00f3n de partidos.<\/p>\n\n\n\n<blockquote class=\"wp-block-quote is-layout-flow wp-block-quote-is-layout-flow\">\n<p><strong>La queja explica c\u00f3mo la imposici\u00f3n de decisiones sobre el calendario internacional por parte de la FIFA es un abuso de posici\u00f3n dominante e infringe la legislaci\u00f3n de la Uni\u00f3n Europea. La jurisprudencia reciente (&#8230;) deja claro que la FIFA debe ejercer sus funciones reguladoras de forma transparente, objetiva, no discriminatoria y proporcionada para neutralizar su conflicto de inter\u00e9s\u201d,<\/strong>&nbsp;se\u00f1alaron los demandantes en un comunicado conjunto.<\/p>\n<\/blockquote>\n\n\n\n<p>La denuncia se present\u00f3 en&nbsp;<strong>Bruselas<\/strong>&nbsp;en el marco de la conferencia titulada&nbsp;<strong>\u201cProtegiendo la salud de los futbolistas y salvaguardando la sostenibilidad de las ligas nacionales en Europa contra la conducta abusiva de la FIFA\u201c.<\/strong><\/p>\n\n\n\n<figure class=\"wp-block-embed is-type-rich is-provider-twitter wp-block-embed-twitter\"><div class=\"wp-block-embed__wrapper\">\n<blockquote class=\"twitter-tweet\" data-width=\"550\" data-dnt=\"true\"><p lang=\"en\" dir=\"ltr\">Today, <a href=\"https:\/\/twitter.com\/hashtag\/FIFPRO?src=hash&amp;ref_src=twsrc%5Etfw\">#FIFPRO<\/a> Europe, <a href=\"https:\/\/twitter.com\/EuropeanLeagues?ref_src=twsrc%5Etfw\">@EuropeanLeagues<\/a>, and <a href=\"https:\/\/twitter.com\/LaLiga?ref_src=twsrc%5Etfw\">@LaLiga<\/a> have filed a complaint with the <a href=\"https:\/\/twitter.com\/EU_Commission?ref_src=twsrc%5Etfw\">@EU_Commission<\/a>, challenging FIFA&#39;s handling of the international match calendar, including decisions relating to the FIFA Club World Cup 2025.<br><br>Updates to follow \ud83e\uddf5 <a href=\"https:\/\/t.co\/uzDg3uxSHv\">pic.twitter.com\/uzDg3uxSHv<\/a><\/p>&mdash; FIFPRO (@FIFPRO) <a href=\"https:\/\/twitter.com\/FIFPRO\/status\/1845807138301477004?ref_src=twsrc%5Etfw\">October 14, 2024<\/a><\/blockquote><script async src=\"https:\/\/platform.twitter.com\/widgets.js\" charset=\"utf-8\"><\/script>\n<\/div><\/figure>\n\n\n\n<p>En el evento participaron representantes de&nbsp;<strong>FIFPro<\/strong>,&nbsp;<strong>LaLiga<\/strong>, la&nbsp;<strong>Premier League<\/strong>&nbsp;y otras ligas europeas que expresaron su preocupaci\u00f3n por el manejo unilateral del calendario por parte de la&nbsp;<strong>FIFA<\/strong>, sin tomar en cuenta a los actores m\u00e1s afectados: las ligas y los futbolistas.<\/p>\n\n\n\n<h2 class=\"wp-block-heading\"><strong>Cr\u00edticas a la falta de di\u00e1logo de FIFA<\/strong><\/h2>\n\n\n\n<p><strong>Javier Tebas<\/strong>, presidente de&nbsp;<strong>LaLiga<\/strong>, fue contundente al criticar el accionar de la&nbsp;<strong>FIFA<\/strong>&nbsp;y la&nbsp;<strong>UEFA<\/strong>, se\u00f1alando que ambas organizaciones est\u00e1n aprovechando su control sobre el futbol internacional de manera abusiva.<\/p>\n\n\n\n<p><strong>\u201cHacen un uso inadecuado de una posici\u00f3n que el Tribunal de Justicia de la Uni\u00f3n Europea (TJUE) ha reconocido como un monopolio\u201d,<\/strong>&nbsp;afirm\u00f3&nbsp;<strong>Tebas<\/strong>, refiri\u00e9ndose al fallo del&nbsp;<strong>Tribunal de Justicia de la Uni\u00f3n Europea<\/strong>&nbsp;que determin\u00f3 que estas instituciones tienen una posici\u00f3n de monopolio sobre la gesti\u00f3n del futbol.<\/p>\n\n\n\n<p><strong>\u201cEs sorprendente que, despu\u00e9s de nueve meses de resoluciones muy importantes respecto a la gobernanza del f\u00fatbol en Europa, FIFA no haya o\u00eddo o le\u00eddo el mensaje que se est\u00e1 lanzando\u201d<\/strong>, agreg\u00f3&nbsp;<strong>Tebas<\/strong>, criticando la falta de respuesta de la&nbsp;<strong>FIFA<\/strong>&nbsp;ante las quejas sobre el manejo del calendario internacional.<\/p>\n\n\n\n<p>En la misma l\u00ednea,&nbsp;<strong>Mathieu Moreuil<\/strong>, director de relaciones internacionales de la&nbsp;<strong>Premier League<\/strong>, lament\u00f3 la falta de di\u00e1logo por parte de&nbsp;<strong>FIFA<\/strong>.<\/p>\n\n\n\n<blockquote class=\"wp-block-quote is-layout-flow wp-block-quote-is-layout-flow\">\n<p><strong>Queremos un proceso transparente, queremos acuerdos y no solo consultas, queremos un calendario que sea sostenible\u201d,<\/strong>&nbsp;expres\u00f3&nbsp;<strong>Moreuil<\/strong>.<\/p>\n<\/blockquote>\n\n\n\n<p>Adem\u00e1s, subray\u00f3 los problemas de salud que enfrentan los jugadores debido a la congesti\u00f3n del calendario:&nbsp;<strong>\u201cNo nos quedan d\u00edas en el calendario\u201d<\/strong>.<\/p>\n\n\n\n<h2 class=\"wp-block-heading\"><strong>La salud de los jugadores en riesgo<\/strong><\/h2>\n\n\n\n<p>Uno de los puntos m\u00e1s delicados de la denuncia es el impacto que tiene la sobrecarga de partidos en la salud de los futbolistas.\u00a0<strong>Richard Masters<\/strong>,\u00a0<strong>CEO<\/strong>\u00a0de la\u00a0<strong>Premier League<\/strong>, advirti\u00f3 que el futbol est\u00e1 llegando a un punto de crisis:<strong>\u201cEstamos llegando a un punto cr\u00edtico. <\/strong><\/p>\n\n\n\n<p><strong>Los jugadores nos dicen que se juega demasiado al futbol\u201d<\/strong>, se\u00f1al\u00f3\u00a0<strong>Masters<\/strong>, a\u00f1adiendo que la expansi\u00f3n de competiciones internacionales y regionales ha saturado los calendarios de las ligas locales.<\/p>\n\n\n\n<p>El ejecutivo ingl\u00e9s tambi\u00e9n hizo hincapi\u00e9 en la introducci\u00f3n de nuevos torneos y el aumento de equipos en competencias como el&nbsp;<strong>Mundial<\/strong>, lo que ha sobrecargado a\u00fan m\u00e1s el calendario:<\/p>\n\n\n\n<p><strong>\u201cLa Premier League no ha cambiado de forma. Lo que ha cambiado en las \u00faltimas d\u00e9cadas es la marcha de las competiciones internacionales y regionales de futbol\u201d<\/strong>, explic\u00f3&nbsp;<strong>Masters<\/strong>, refiri\u00e9ndose a la&nbsp;<strong>Liga de Naciones<\/strong>, el&nbsp;<strong>Mundial de Clubes<\/strong>&nbsp;y la ampliaci\u00f3n del&nbsp;<strong>Mundial<\/strong>.<\/p>\n\n\n\n<h2 class=\"wp-block-heading\"><strong>Exigen un proceso m\u00e1s justo e inclusivo<\/strong><\/h2>\n\n\n\n<p>La demanda presentada busca que la\u00a0<strong>Comisi\u00f3n Europea<\/strong>\u00a0obligue a la\u00a0<strong>FIFA<\/strong>\u00a0a establecer un proceso m\u00e1s equitativo y transparente para la toma de decisiones respecto al calendario internacional, que considere tanto el bienestar de los jugadores como la viabilidad de las ligas nacionales.<\/p>\n\n\n\n<blockquote class=\"wp-block-quote is-layout-flow wp-block-quote-is-layout-flow\">\n<p><strong>Los partidos organizados directa o indirectamente por la FIFA tienen efectos secundarios desproporcionados en las ligas nacionales\u201d<\/strong>, indicaron los demandantes.<\/p>\n<\/blockquote>\n\n\n\n<p>Argumentan que la actual estructura interrumpe los torneos locales cada vez que hay una \u201cventana\u201d de partidos internacionales, que suelen durar nueve d\u00edas y afectan no solo por los encuentros, sino tambi\u00e9n por los viajes y la preparaci\u00f3n previa.<\/p>\n\n\n\n<p><strong>Alfonso Lamadrid<\/strong>, portavoz del equipo legal a cargo de la demanda, destac\u00f3 la gravedad del caso al referirse a \u00e9l como&nbsp;<strong>\u201cun ejemplo de libro de texto de abuso de posici\u00f3n dominante\u201d<\/strong>.<\/p>\n\n\n\n<p>Seg\u00fan&nbsp;<strong>Lamadrid<\/strong>, la&nbsp;<strong>FIFA<\/strong>&nbsp;est\u00e1 utilizando su papel como regulador global del futbol para imponer condiciones que afectan negativamente a las ligas nacionales, sin incluirlas en las decisiones que les ata\u00f1en directamente.<\/p>\n\n\n\n<p>Por ahora, la demanda no cuestiona la legalidad de que los clubes deban liberar a los jugadores para los compromisos internacionales, pero s\u00ed pide que se revisen los procedimientos y se busque un equilibrio que no ponga en riesgo ni la salud de los jugadores ni el desarrollo de las ligas.<\/p>\n\n\n\n<h2 class=\"wp-block-heading\"><strong>\u00bfQu\u00e9 sigue para FIFA?<\/strong><\/h2>\n\n\n\n<p>La queja ante la&nbsp;<strong>Comisi\u00f3n Europea<\/strong>&nbsp;podr\u00eda ser un punto de inflexi\u00f3n en la relaci\u00f3n entre las ligas nacionales y la&nbsp;<strong>FIFA<\/strong>, ya que, si se reconoce el abuso de posici\u00f3n dominante, la&nbsp;<strong>FIFA<\/strong>&nbsp;estar\u00eda obligada a modificar su forma de organizar el calendario internacional.<\/p>\n\n\n\n<p>Esto podr\u00eda dar paso a un proceso m\u00e1s inclusivo que permita a las ligas y a los jugadores tener mayor participaci\u00f3n en las decisiones que impactan directamente en su actividad.<\/p>\n\n\n\n<p><\/p>\n\n\n\n<p style=\"font-size:10px\"><em>Fuente: El Imparcial.<\/em><\/p>\n<div class='share-to-whatsapp-wrapper'><div class='share-on-whsp'>Share on: <\/div><a data-text='LaLiga y Premier League presentan denuncia contra la FIFA por \"abuso de poder\"' data-link='https:\/\/portaltactica.com\/?p=88684' class='whatsapp-button whatsapp-share'>WhatsApp<\/a><div class='clear '><\/div><\/div>","protected":false},"excerpt":{"rendered":"<p>Las principales ligas europeas, incluyendo&nbsp;LaLiga de Espa\u00f1a, la&nbsp;Premier League de Inglaterra&nbsp;y la&nbsp;Federaci\u00f3n Internacional de Futbolistas Profesionales (FIFPro)&nbsp;presentaron este lunes una denuncia&hellip;<\/p>\n","protected":false},"author":2,"featured_media":88685,"comment_status":"closed","ping_status":"closed","sticky":false,"template":"","format":"standard","meta":{"advanced_seo_description":"","jetpack_seo_html_title":"","jetpack_seo_noindex":false,"_jetpack_memberships_contains_paid_content":false,"footnotes":"","jetpack_publicize_message":"","jetpack_publicize_feature_enabled":true,"jetpack_social_post_already_shared":false,"jetpack_social_options":{"image_generator_settings":{"template":"highway","default_image_id":0,"font":"","enabled":false},"version":2}},"categories":[6],"tags":[],"class_list":["post-88684","post","type-post","status-publish","format-standard","has-post-thumbnail","hentry","category-internacional"],"jetpack_publicize_connections":[],"jetpack_featured_media_url":"https:\/\/portaltactica.com\/wp-content\/uploads\/2024\/10\/6-4.jpg","jetpack_sharing_enabled":true,"_links":{"self":[{"href":"https:\/\/portaltactica.com\/index.php?rest_route=\/wp\/v2\/posts\/88684","targetHints":{"allow":["GET"]}}],"collection":[{"href":"https:\/\/portaltactica.com\/index.php?rest_route=\/wp\/v2\/posts"}],"about":[{"href":"https:\/\/portaltactica.com\/index.php?rest_route=\/wp\/v2\/types\/post"}],"author":[{"embeddable":true,"href":"https:\/\/portaltactica.com\/index.php?rest_route=\/wp\/v2\/users\/2"}],"replies":[{"embeddable":true,"href":"https:\/\/portaltactica.com\/index.php?rest_route=%2Fwp%2Fv2%2Fcomments&post=88684"}],"version-history":[{"count":1,"href":"https:\/\/portaltactica.com\/index.php?rest_route=\/wp\/v2\/posts\/88684\/revisions"}],"predecessor-version":[{"id":88686,"href":"https:\/\/portaltactica.com\/index.php?rest_route=\/wp\/v2\/posts\/88684\/revisions\/88686"}],"wp:featuredmedia":[{"embeddable":true,"href":"https:\/\/portaltactica.com\/index.php?rest_route=\/wp\/v2\/media\/88685"}],"wp:attachment":[{"href":"https:\/\/portaltactica.com\/index.php?rest_route=%2Fwp%2Fv2%2Fmedia&parent=88684"}],"wp:term":[{"taxonomy":"category","embeddable":true,"href":"https:\/\/portaltactica.com\/index.php?rest_route=%2Fwp%2Fv2%2Fcategories&post=88684"},{"taxonomy":"post_tag","embeddable":true,"href":"https:\/\/portaltactica.com\/index.php?rest_route=%2Fwp%2Fv2%2Ftags&post=88684"}],"curies":[{"name":"wp","href":"https:\/\/api.w.org\/{rel}","templated":true}]}}